{"id":38796,"date":"2024-09-13T10:00:47","date_gmt":"2024-09-13T08:00:47","guid":{"rendered":"https:\/\/memisa.be\/?p=38796"},"modified":"2024-09-10T16:33:19","modified_gmt":"2024-09-10T14:33:19","slug":"en-incluant-memisa-dans-votre-testament-vous-continuez-a-vivre-a-travers-nos-projets","status":"publish","type":"post","link":"https:\/\/memisa.be\/fr\/en-incluant-memisa-dans-votre-testament-vous-continuez-a-vivre-a-travers-nos-projets\/","title":{"rendered":"En incluant Memisa dans votre testament, vous continuez \u00e0 vivre \u00e0 travers nos projets !"},"content":{"rendered":"<p><strong>R\u00e9diger un testament. Planifier de son vivant la gestion de son propre h\u00e9ritage. Aujourd\u2019hui, ces d\u00e9marches sont de plus en plus courantes. Annie et Philip, deux pr\u00e9cieux sympathisants de Memisa, ont d\u00e9cid\u00e9 d\u2019inclure notre ONG dans leur testament. \u00c0 l&rsquo;occasion de la Journ\u00e9e internationale du testament, nous souhaitons mettre en lumi\u00e8re leur engagement. Leur h\u00e9ritage permet \u00e0 Memisa de poursuivre ses projets.<\/strong><\/p>\n<p><img loading=\"lazy\" decoding=\"async\" class=\"alignnone wp-image-38788\" src=\"https:\/\/memisa.be\/wp-content\/uploads\/2024\/09\/\u00a9-Memisa-72-500x333.png\" alt=\"\" width=\"700\" height=\"466\" srcset=\"https:\/\/memisa.be\/wp-content\/uploads\/2024\/09\/\u00a9-Memisa-72-500x333.png 500w, https:\/\/memisa.be\/wp-content\/uploads\/2024\/09\/\u00a9-Memisa-72-768x512.png 768w, https:\/\/memisa.be\/wp-content\/uploads\/2024\/09\/\u00a9-Memisa-72.png 800w\" sizes=\"auto, (max-width: 700px) 100vw, 700px\" \/><\/p>\n<p>Chaque ann\u00e9e, des sympathisants de Memisa incluent notre ONG dans leur testament. Ce faisant, ils donnent la chance \u00e0 leurs <strong>valeurs<\/strong> et leurs <strong>convictions<\/strong> de continuer \u00e0 vivre, m\u00eame apr\u00e8s eux. En effet, beaucoup de nos donateurs souhaitent prolonger leur soutien \u00e0 Memisa, au-del\u00e0 de leur existence. En int\u00e9grant Memisa dans leur testament, <strong>ils contribuent \u00e0 construire un monde en bonne sant\u00e9<\/strong>. Aujourd\u2019hui, nous mettons en avant deux sympathisants dont les id\u00e9aux se perp\u00e9tuent gr\u00e2ce aux projets de Memisa.<\/p>\n<h2><strong>\u00ab\u00a0J\u2019admire le personnel soignant congolais\u00a0\u00bb<\/strong><\/h2>\n<p>Philip a soutenu Memisa pendant des ann\u00e9es. Il voulait <strong>continuer \u00e0 avoir un impact significatif<\/strong>, m\u00eame apr\u00e8s sa mort. Il a donc d\u00e9cid\u00e9 d\u2019inclure Memisa dans son testament, par <strong>admiration<\/strong> pour le travail de Memisa, et surtout pour celui du personnel soignant en RD du Congo.<\/p>\n<p>Entre 1959 et 1968, Philip a lui-m\u00eame v\u00e9cu en RD du Congo, un pays \u00ab\u00a0qui reste cher \u00e0 son c\u0153ur\u00a0\u00bb. \u00a0En RD du Congo, Philip a constat\u00e9 que <strong>beaucoup de personnes n\u2019avaient pas acc\u00e8s facilement aux soins de sant\u00e9<\/strong>. \u00ab\u00a0Quand nous circulions en voiture, nous croisions souvent des femmes malades ou enceintes \u00e0 la recherche d&rsquo;une aide m\u00e9dicale. Elles devaient parfois parcourir jusqu&rsquo;\u00e0 100 kilom\u00e8tres \u00e0 pied avant de pouvoir recevoir des soins !\u00a0\u00bb, se souvenait Philip.<\/p>\n<p><span style=\"font-size: 18pt;\"><em>\u00ab\u00a0Les conditions dans lesquelles les infirmiers doivent travailler en RD du Congo ne sont pas faciles. Pour moi, ce sont de v\u00e9ritables h\u00e9ros \u00ab\u00a0<\/em> <\/span>Philip, testateur pour Memisa<\/p>\n<p>L\u2019homme \u00e9prouvait une immense admiration pour les infirmi\u00e8res et les infirmiers qui travaillent dans les centres de sant\u00e9 en RD du Congo. \u00ab Les <strong>conditions<\/strong> dans lesquelles ils doivent travailler <strong>ne sont pas faciles<\/strong>. Pour moi, ce sont de v\u00e9ritables h\u00e9ros !\u00a0 Je l\u00e8gue volontiers \u00e0 Memisa, car je sais que mon argent sera utilis\u00e9 \u00e0 bon escient. \u00bb<\/p>\n<div id=\"attachment_38791\" style=\"width: 708px\" class=\"wp-caption alignnone\"><img loading=\"lazy\" decoding=\"async\" aria-describedby=\"caption-attachment-38791\" class=\"wp-image-38791\" src=\"https:\/\/memisa.be\/wp-content\/uploads\/2024\/09\/\u00a9-Memisa-73-500x334.png\" alt=\"\" width=\"698\" height=\"466\" srcset=\"https:\/\/memisa.be\/wp-content\/uploads\/2024\/09\/\u00a9-Memisa-73-500x334.png 500w, https:\/\/memisa.be\/wp-content\/uploads\/2024\/09\/\u00a9-Memisa-73-768x513.png 768w, https:\/\/memisa.be\/wp-content\/uploads\/2024\/09\/\u00a9-Memisa-73.png 800w\" sizes=\"auto, (max-width: 698px) 100vw, 698px\" \/><p id=\"caption-attachment-38791\" class=\"wp-caption-text\">Philip a inscrit Memisa dans son testament<\/p><\/div>\n<h2><strong>La solidarit\u00e9 internationale est une responsabilit\u00e9 collective<\/strong><\/h2>\n<p>Annie (<em>nom d\u2019emprunt<\/em>) a \u00e9galement choisi d\u2019inclure Memisa dans son testament et d\u2019avoir un impact positif sur la vie des autres, m\u00eame apr\u00e8s sa mort.<\/p>\n<p>Annie ne dispose peut-\u00eatre pas d\u2019\u00e9normes ressources financi\u00e8res, mais elle tient tout de m\u00eame \u00e0 <strong>soutenir les femmes enceintes<\/strong> et les <strong>communaut\u00e9s vuln\u00e9rables en Afrique<\/strong>. \u00ab Memisa m&rsquo;a inform\u00e9e d&rsquo;un projet qu&rsquo;ils ont mis en place \u00e0 Popokabaka, en collaboration avec <a href=\"https:\/\/www.stlucas.be\/over-ons\/partnerziekenhuis-popokabaka\/\">l\u2019h\u00f4pital AZ Sint-Lucas \u00e0 Bruges<\/a>.\u00a0\u00bb<\/p>\n<p>Memisa travaille \u00e0 Popokabaka (RD du Congo) pour am\u00e9liorer la qualit\u00e9 des soins de sant\u00e9 \u00e0 l&rsquo;h\u00f4pital et dans les centres de sant\u00e9 environnants. Car de nombreuses contraintes entravent l&rsquo;acc\u00e8s et la qualit\u00e9 des soins dans cette r\u00e9gion. \u00ab L&rsquo;histoire de Memisa \u00e0 Popokabaka m&rsquo;a convaincue de soutenir le projet en l\u00e9guant une partie de mon h\u00e9ritage \u00e0 l\u2019ONG. \u00bb. Pour Annie, c\u2019est l&rsquo;\u00ab <strong>approche humaine<\/strong> \u00bb de Memisa qui l\u2019a convaincue de s\u2019impliquer davantage aupr\u00e8s de Memisa. Gr\u00e2ce \u00e0 son legs, elle contribue de mani\u00e8re tr\u00e8s concr\u00e8te \u00e0 nos projets. Les dons et legs, comme celui d&rsquo;Annie, font r\u00e9ellement la diff\u00e9rence sur le terrain. Ils permettent de <strong>renforcer la r\u00e9silience des communaut\u00e9s vuln\u00e9rables en Afrique<\/strong>.<\/p>\n<p><span style=\"font-size: 18pt;\"><em>\u00ab\u00a0C\u2019est l\u2019approche humaine de Memisa qui m\u2019a convaincue\u00a0\u00bb<\/em><\/span> Annie, sympathisante de Memisa<\/p>\n<p>Annie pense \u00e9galement que nous portons une responsabilit\u00e9 collective, celle de <strong>soutenir les pays africains anciennement colonis\u00e9s<\/strong>. \u00ab Ici, en Belgique, <strong>nous devons en grande partie notre richesse et notre prosp\u00e9rit\u00e9 aux pays africains<\/strong>, en particulier \u00e0 la RD du Congo. En r\u00e9alit\u00e9, nous leur avons vol\u00e9 ce que nous poss\u00e9dons aujourd&rsquo;hui \u00bb, dit Annie avec conviction.<\/p>\n<p>\u00ab Je veux apporter mon soutien aux personnes qui traversent des \u00e9preuves difficiles en Afrique, en particulier en RD du Congo. \u00bb Pour Annie, le plus important dans la vie, c\u2019est l\u2019humain. Contre la polarisation de la soci\u00e9t\u00e9, il faut vivre en harmonie avec les autres. \u00ab Je cherche toujours \u00e0 cr\u00e9er des liens avec les gens. Je crois que c&rsquo;est notre devoir moral de faire ce que nous pouvons pour autrui. \u00bb Annie aimerait <strong>inspirer son entourage<\/strong>, mais reconna\u00eet que <strong>chacun doit pouvoir d\u00e9cider par lui-m\u00eame de ce qu&rsquo;il souhaite et peut faire pour les autres<\/strong>.<\/p>\n<p><img loading=\"lazy\" decoding=\"async\" class=\"alignnone wp-image-38785\" src=\"https:\/\/memisa.be\/wp-content\/uploads\/2024\/09\/\u00a9-Memisa-71-500x344.png\" alt=\"\" width=\"698\" height=\"480\" srcset=\"https:\/\/memisa.be\/wp-content\/uploads\/2024\/09\/\u00a9-Memisa-71-500x344.png 500w, https:\/\/memisa.be\/wp-content\/uploads\/2024\/09\/\u00a9-Memisa-71-768x528.png 768w, https:\/\/memisa.be\/wp-content\/uploads\/2024\/09\/\u00a9-Memisa-71.png 800w\" sizes=\"auto, (max-width: 698px) 100vw, 698px\" \/><\/p>\n<table style=\"width: 100%; border-collapse: collapse; background-color: #cc0;\">\n<tbody>\n<tr>\n<td style=\"width: 100%;\">\n<h2><strong>Souhaitez-vous, vous aussi, faire un legs pour Memisa\u00a0? <\/strong><\/h2>\n<p>R\u00e9diger un testament, ce n\u2019est pas tr\u00e8s compliqu\u00e9. Vous trouverez ici de plus amples informations sur la mani\u00e8re de l\u00e9guer \u00e0 Memisa : https:\/\/memisa.be\/fr\/soutiens\/legs-et-donations\/<\/p>\n<p>Envisagez-vous d&rsquo;inclure Memisa dans votre testament ? Avez-vous des questions sur la finalisation de votre succession ? Si c&rsquo;est le cas, n&rsquo;h\u00e9sitez pas \u00e0 nous contacter, sans engagement. Nous serons heureux de vous aider et de vous \u00e9couter. Vous pouvez contacter Memisa via :+32 24.54.17.52<br \/>\nOu par email\u00a0: <a href=\"mailto:communication@memisa.be\">communication@memisa.be<\/a><\/p>\n<p>Vous pouvez \u00e9galement vous adresser \u00e0 Testament.be pour obtenir plus d&rsquo;informations\u00a0: <a href=\"https:\/\/www.testament.be\/\" target=\"_blank\" rel=\"noopener\">https:\/\/www.testament.be\/<\/a><\/td>\n<\/tr>\n<\/tbody>\n<\/table>\n<p>&nbsp;<\/p>\n","protected":false},"excerpt":{"rendered":"<p>R\u00e9diger un testament. Planifier de son vivant la gestion de son propre h\u00e9ritage. Aujourd\u2019hui, ces d\u00e9marches sont de plus en plus courantes. Annie et Philip, deux pr\u00e9cieux sympathisants de Memisa, ont d\u00e9cid\u00e9 d\u2019inclure notre ONG dans leur testament. \u00c0 l&rsquo;occasion de la Journ\u00e9e internationale du testament, nous souhaitons mettre en lumi\u00e8re leur engagement. Leur h\u00e9ritage [&hellip;]<\/p>\n","protected":false},"author":12,"featured_media":38790,"comment_status":"closed","ping_status":"closed","sticky":false,"template":"","format":"standard","meta":{"_acf_changed":false,"_sitemap_exclude":false,"_sitemap_priority":"","_sitemap_frequency":"","footnotes":""},"categories":[142],"tags":[],"class_list":["post-38796","post","type-post","status-publish","format-standard","has-post-thumbnail","hentry","category-geen-onderdeel-van-een-categorie-fr","post-themes-testament-fr"],"acf":[],"yoast_head":"<!-- This site is optimized with the Yoast SEO plugin v26.8 - https:\/\/yoast.com\/product\/yoast-seo-wordpress\/ -->\n<title>En incluant Memisa dans votre testament, vous continuez \u00e0 vivre \u00e0 travers nos projets ! - Memisa<\/title>\n<meta name=\"description\" content=\"Faire un legs pour Memisa ? A l&#039;occasion de la Journ\u00e9e du Testament, nous donnons la parole \u00e0 2 sympathisants qui ont fait le pas.\" \/>\n<meta name=\"robots\" content=\"index, follow, max-snippet:-1, max-image-preview:large, max-video-preview:-1\" \/>\n<link rel=\"canonical\" href=\"https:\/\/memisa.be\/fr\/en-incluant-memisa-dans-votre-testament-vous-continuez-a-vivre-a-travers-nos-projets\/\" \/>\n<meta property=\"og:locale\" content=\"fr_FR\" \/>\n<meta property=\"og:type\" content=\"article\" \/>\n<meta property=\"og:title\" content=\"En incluant Memisa dans votre testament, vous continuez \u00e0 vivre \u00e0 travers nos projets ! - Memisa\" \/>\n<meta property=\"og:description\" content=\"Faire un legs pour Memisa ? A l&#039;occasion de la Journ\u00e9e du Testament, nous donnons la parole \u00e0 2 sympathisants qui ont fait le pas.\" \/>\n<meta property=\"og:url\" content=\"https:\/\/memisa.be\/fr\/en-incluant-memisa-dans-votre-testament-vous-continuez-a-vivre-a-travers-nos-projets\/\" \/>\n<meta property=\"og:site_name\" content=\"Memisa\" \/>\n<meta property=\"article:published_time\" content=\"2024-09-13T08:00:47+00:00\" \/>\n<meta property=\"og:image\" content=\"https:\/\/memisa.be\/wp-content\/uploads\/2024\/09\/\u00a9-Memisa-72.png\" \/>\n\t<meta property=\"og:image:width\" content=\"800\" \/>\n\t<meta property=\"og:image:height\" content=\"533\" \/>\n\t<meta property=\"og:image:type\" content=\"image\/png\" \/>\n<meta name=\"author\" content=\"thibaut.verhaeghe@memisa.be\" \/>\n<meta name=\"twitter:card\" content=\"summary_large_image\" \/>\n<meta name=\"twitter:label1\" content=\"\u00c9crit par\" \/>\n\t<meta name=\"twitter:data1\" content=\"thibaut.verhaeghe@memisa.be\" \/>\n\t<meta name=\"twitter:label2\" content=\"Dur\u00e9e de lecture estim\u00e9e\" \/>\n\t<meta name=\"twitter:data2\" content=\"5 minutes\" \/>\n<script type=\"application\/ld+json\" class=\"yoast-schema-graph\">{\"@context\":\"https:\/\/schema.org\",\"@graph\":[{\"@type\":\"Article\",\"@id\":\"https:\/\/memisa.be\/fr\/en-incluant-memisa-dans-votre-testament-vous-continuez-a-vivre-a-travers-nos-projets\/#article\",\"isPartOf\":{\"@id\":\"https:\/\/memisa.be\/fr\/en-incluant-memisa-dans-votre-testament-vous-continuez-a-vivre-a-travers-nos-projets\/\"},\"author\":{\"name\":\"thibaut.verhaeghe@memisa.be\",\"@id\":\"https:\/\/memisa.be\/fr\/#\/schema\/person\/d0f88935878b6bfaa09e084d3cbe7742\"},\"headline\":\"En incluant Memisa dans votre testament, vous continuez \u00e0 vivre \u00e0 travers nos projets !\",\"datePublished\":\"2024-09-13T08:00:47+00:00\",\"mainEntityOfPage\":{\"@id\":\"https:\/\/memisa.be\/fr\/en-incluant-memisa-dans-votre-testament-vous-continuez-a-vivre-a-travers-nos-projets\/\"},\"wordCount\":907,\"image\":{\"@id\":\"https:\/\/memisa.be\/fr\/en-incluant-memisa-dans-votre-testament-vous-continuez-a-vivre-a-travers-nos-projets\/#primaryimage\"},\"thumbnailUrl\":\"https:\/\/memisa.be\/wp-content\/uploads\/2024\/09\/\u00a9-Memisa-72.png\",\"articleSection\":[\"Geen onderdeel van een categorie\"],\"inLanguage\":\"fr-FR\"},{\"@type\":\"WebPage\",\"@id\":\"https:\/\/memisa.be\/fr\/en-incluant-memisa-dans-votre-testament-vous-continuez-a-vivre-a-travers-nos-projets\/\",\"url\":\"https:\/\/memisa.be\/fr\/en-incluant-memisa-dans-votre-testament-vous-continuez-a-vivre-a-travers-nos-projets\/\",\"name\":\"En incluant Memisa dans votre testament, vous continuez \u00e0 vivre \u00e0 travers nos projets ! - Memisa\",\"isPartOf\":{\"@id\":\"https:\/\/memisa.be\/fr\/#website\"},\"primaryImageOfPage\":{\"@id\":\"https:\/\/memisa.be\/fr\/en-incluant-memisa-dans-votre-testament-vous-continuez-a-vivre-a-travers-nos-projets\/#primaryimage\"},\"image\":{\"@id\":\"https:\/\/memisa.be\/fr\/en-incluant-memisa-dans-votre-testament-vous-continuez-a-vivre-a-travers-nos-projets\/#primaryimage\"},\"thumbnailUrl\":\"https:\/\/memisa.be\/wp-content\/uploads\/2024\/09\/\u00a9-Memisa-72.png\",\"datePublished\":\"2024-09-13T08:00:47+00:00\",\"author\":{\"@id\":\"https:\/\/memisa.be\/fr\/#\/schema\/person\/d0f88935878b6bfaa09e084d3cbe7742\"},\"description\":\"Faire un legs pour Memisa ? A l'occasion de la Journ\u00e9e du Testament, nous donnons la parole \u00e0 2 sympathisants qui ont fait le pas.\",\"breadcrumb\":{\"@id\":\"https:\/\/memisa.be\/fr\/en-incluant-memisa-dans-votre-testament-vous-continuez-a-vivre-a-travers-nos-projets\/#breadcrumb\"},\"inLanguage\":\"fr-FR\",\"potentialAction\":[{\"@type\":\"ReadAction\",\"target\":[\"https:\/\/memisa.be\/fr\/en-incluant-memisa-dans-votre-testament-vous-continuez-a-vivre-a-travers-nos-projets\/\"]}]},{\"@type\":\"ImageObject\",\"inLanguage\":\"fr-FR\",\"@id\":\"https:\/\/memisa.be\/fr\/en-incluant-memisa-dans-votre-testament-vous-continuez-a-vivre-a-travers-nos-projets\/#primaryimage\",\"url\":\"https:\/\/memisa.be\/wp-content\/uploads\/2024\/09\/\u00a9-Memisa-72.png\",\"contentUrl\":\"https:\/\/memisa.be\/wp-content\/uploads\/2024\/09\/\u00a9-Memisa-72.png\",\"width\":800,\"height\":533},{\"@type\":\"BreadcrumbList\",\"@id\":\"https:\/\/memisa.be\/fr\/en-incluant-memisa-dans-votre-testament-vous-continuez-a-vivre-a-travers-nos-projets\/#breadcrumb\",\"itemListElement\":[{\"@type\":\"ListItem\",\"position\":1,\"name\":\"Home\",\"item\":\"https:\/\/memisa.be\/fr\/\"},{\"@type\":\"ListItem\",\"position\":2,\"name\":\"En incluant Memisa dans votre testament, vous continuez \u00e0 vivre \u00e0 travers nos projets !\"}]},{\"@type\":\"WebSite\",\"@id\":\"https:\/\/memisa.be\/fr\/#website\",\"url\":\"https:\/\/memisa.be\/fr\/\",\"name\":\"Memisa\",\"description\":\"Un site utilisant WordPress\",\"potentialAction\":[{\"@type\":\"SearchAction\",\"target\":{\"@type\":\"EntryPoint\",\"urlTemplate\":\"https:\/\/memisa.be\/fr\/?s={search_term_string}\"},\"query-input\":{\"@type\":\"PropertyValueSpecification\",\"valueRequired\":true,\"valueName\":\"search_term_string\"}}],\"inLanguage\":\"fr-FR\"},{\"@type\":\"Person\",\"@id\":\"https:\/\/memisa.be\/fr\/#\/schema\/person\/d0f88935878b6bfaa09e084d3cbe7742\",\"name\":\"thibaut.verhaeghe@memisa.be\",\"image\":{\"@type\":\"ImageObject\",\"inLanguage\":\"fr-FR\",\"@id\":\"https:\/\/memisa.be\/fr\/#\/schema\/person\/image\/\",\"url\":\"https:\/\/secure.gravatar.com\/avatar\/40d423768352d2deb9454fd5c3b6273a60328787825c150c499256003728bb11?s=96&d=mm&r=g\",\"contentUrl\":\"https:\/\/secure.gravatar.com\/avatar\/40d423768352d2deb9454fd5c3b6273a60328787825c150c499256003728bb11?s=96&d=mm&r=g\",\"caption\":\"thibaut.verhaeghe@memisa.be\"},\"url\":\"https:\/\/memisa.be\/fr\/author\/thibaut-verhaeghememisa-be\/\"}]}<\/script>\n<!-- \/ Yoast SEO plugin. -->","yoast_head_json":{"title":"En incluant Memisa dans votre testament, vous continuez \u00e0 vivre \u00e0 travers nos projets ! - Memisa","description":"Faire un legs pour Memisa ? A l'occasion de la Journ\u00e9e du Testament, nous donnons la parole \u00e0 2 sympathisants qui ont fait le pas.","robots":{"index":"index","follow":"follow","max-snippet":"max-snippet:-1","max-image-preview":"max-image-preview:large","max-video-preview":"max-video-preview:-1"},"canonical":"https:\/\/memisa.be\/fr\/en-incluant-memisa-dans-votre-testament-vous-continuez-a-vivre-a-travers-nos-projets\/","og_locale":"fr_FR","og_type":"article","og_title":"En incluant Memisa dans votre testament, vous continuez \u00e0 vivre \u00e0 travers nos projets ! - Memisa","og_description":"Faire un legs pour Memisa ? A l'occasion de la Journ\u00e9e du Testament, nous donnons la parole \u00e0 2 sympathisants qui ont fait le pas.","og_url":"https:\/\/memisa.be\/fr\/en-incluant-memisa-dans-votre-testament-vous-continuez-a-vivre-a-travers-nos-projets\/","og_site_name":"Memisa","article_published_time":"2024-09-13T08:00:47+00:00","og_image":[{"width":800,"height":533,"url":"https:\/\/memisa.be\/wp-content\/uploads\/2024\/09\/\u00a9-Memisa-72.png","type":"image\/png"}],"author":"thibaut.verhaeghe@memisa.be","twitter_card":"summary_large_image","twitter_misc":{"\u00c9crit par":"thibaut.verhaeghe@memisa.be","Dur\u00e9e de lecture estim\u00e9e":"5 minutes"},"schema":{"@context":"https:\/\/schema.org","@graph":[{"@type":"Article","@id":"https:\/\/memisa.be\/fr\/en-incluant-memisa-dans-votre-testament-vous-continuez-a-vivre-a-travers-nos-projets\/#article","isPartOf":{"@id":"https:\/\/memisa.be\/fr\/en-incluant-memisa-dans-votre-testament-vous-continuez-a-vivre-a-travers-nos-projets\/"},"author":{"name":"thibaut.verhaeghe@memisa.be","@id":"https:\/\/memisa.be\/fr\/#\/schema\/person\/d0f88935878b6bfaa09e084d3cbe7742"},"headline":"En incluant Memisa dans votre testament, vous continuez \u00e0 vivre \u00e0 travers nos projets !","datePublished":"2024-09-13T08:00:47+00:00","mainEntityOfPage":{"@id":"https:\/\/memisa.be\/fr\/en-incluant-memisa-dans-votre-testament-vous-continuez-a-vivre-a-travers-nos-projets\/"},"wordCount":907,"image":{"@id":"https:\/\/memisa.be\/fr\/en-incluant-memisa-dans-votre-testament-vous-continuez-a-vivre-a-travers-nos-projets\/#primaryimage"},"thumbnailUrl":"https:\/\/memisa.be\/wp-content\/uploads\/2024\/09\/\u00a9-Memisa-72.png","articleSection":["Geen onderdeel van een categorie"],"inLanguage":"fr-FR"},{"@type":"WebPage","@id":"https:\/\/memisa.be\/fr\/en-incluant-memisa-dans-votre-testament-vous-continuez-a-vivre-a-travers-nos-projets\/","url":"https:\/\/memisa.be\/fr\/en-incluant-memisa-dans-votre-testament-vous-continuez-a-vivre-a-travers-nos-projets\/","name":"En incluant Memisa dans votre testament, vous continuez \u00e0 vivre \u00e0 travers nos projets ! - Memisa","isPartOf":{"@id":"https:\/\/memisa.be\/fr\/#website"},"primaryImageOfPage":{"@id":"https:\/\/memisa.be\/fr\/en-incluant-memisa-dans-votre-testament-vous-continuez-a-vivre-a-travers-nos-projets\/#primaryimage"},"image":{"@id":"https:\/\/memisa.be\/fr\/en-incluant-memisa-dans-votre-testament-vous-continuez-a-vivre-a-travers-nos-projets\/#primaryimage"},"thumbnailUrl":"https:\/\/memisa.be\/wp-content\/uploads\/2024\/09\/\u00a9-Memisa-72.png","datePublished":"2024-09-13T08:00:47+00:00","author":{"@id":"https:\/\/memisa.be\/fr\/#\/schema\/person\/d0f88935878b6bfaa09e084d3cbe7742"},"description":"Faire un legs pour Memisa ? A l'occasion de la Journ\u00e9e du Testament, nous donnons la parole \u00e0 2 sympathisants qui ont fait le pas.","breadcrumb":{"@id":"https:\/\/memisa.be\/fr\/en-incluant-memisa-dans-votre-testament-vous-continuez-a-vivre-a-travers-nos-projets\/#breadcrumb"},"inLanguage":"fr-FR","potentialAction":[{"@type":"ReadAction","target":["https:\/\/memisa.be\/fr\/en-incluant-memisa-dans-votre-testament-vous-continuez-a-vivre-a-travers-nos-projets\/"]}]},{"@type":"ImageObject","inLanguage":"fr-FR","@id":"https:\/\/memisa.be\/fr\/en-incluant-memisa-dans-votre-testament-vous-continuez-a-vivre-a-travers-nos-projets\/#primaryimage","url":"https:\/\/memisa.be\/wp-content\/uploads\/2024\/09\/\u00a9-Memisa-72.png","contentUrl":"https:\/\/memisa.be\/wp-content\/uploads\/2024\/09\/\u00a9-Memisa-72.png","width":800,"height":533},{"@type":"BreadcrumbList","@id":"https:\/\/memisa.be\/fr\/en-incluant-memisa-dans-votre-testament-vous-continuez-a-vivre-a-travers-nos-projets\/#breadcrumb","itemListElement":[{"@type":"ListItem","position":1,"name":"Home","item":"https:\/\/memisa.be\/fr\/"},{"@type":"ListItem","position":2,"name":"En incluant Memisa dans votre testament, vous continuez \u00e0 vivre \u00e0 travers nos projets !"}]},{"@type":"WebSite","@id":"https:\/\/memisa.be\/fr\/#website","url":"https:\/\/memisa.be\/fr\/","name":"Memisa","description":"Un site utilisant WordPress","potentialAction":[{"@type":"SearchAction","target":{"@type":"EntryPoint","urlTemplate":"https:\/\/memisa.be\/fr\/?s={search_term_string}"},"query-input":{"@type":"PropertyValueSpecification","valueRequired":true,"valueName":"search_term_string"}}],"inLanguage":"fr-FR"},{"@type":"Person","@id":"https:\/\/memisa.be\/fr\/#\/schema\/person\/d0f88935878b6bfaa09e084d3cbe7742","name":"thibaut.verhaeghe@memisa.be","image":{"@type":"ImageObject","inLanguage":"fr-FR","@id":"https:\/\/memisa.be\/fr\/#\/schema\/person\/image\/","url":"https:\/\/secure.gravatar.com\/avatar\/40d423768352d2deb9454fd5c3b6273a60328787825c150c499256003728bb11?s=96&d=mm&r=g","contentUrl":"https:\/\/secure.gravatar.com\/avatar\/40d423768352d2deb9454fd5c3b6273a60328787825c150c499256003728bb11?s=96&d=mm&r=g","caption":"thibaut.verhaeghe@memisa.be"},"url":"https:\/\/memisa.be\/fr\/author\/thibaut-verhaeghememisa-be\/"}]}},"_links":{"self":[{"href":"https:\/\/memisa.be\/fr\/wp-json\/wp\/v2\/posts\/38796","targetHints":{"allow":["GET"]}}],"collection":[{"href":"https:\/\/memisa.be\/fr\/wp-json\/wp\/v2\/posts"}],"about":[{"href":"https:\/\/memisa.be\/fr\/wp-json\/wp\/v2\/types\/post"}],"author":[{"embeddable":true,"href":"https:\/\/memisa.be\/fr\/wp-json\/wp\/v2\/users\/12"}],"replies":[{"embeddable":true,"href":"https:\/\/memisa.be\/fr\/wp-json\/wp\/v2\/comments?post=38796"}],"version-history":[{"count":3,"href":"https:\/\/memisa.be\/fr\/wp-json\/wp\/v2\/posts\/38796\/revisions"}],"predecessor-version":[{"id":38799,"href":"https:\/\/memisa.be\/fr\/wp-json\/wp\/v2\/posts\/38796\/revisions\/38799"}],"wp:featuredmedia":[{"embeddable":true,"href":"https:\/\/memisa.be\/fr\/wp-json\/wp\/v2\/media\/38790"}],"wp:attachment":[{"href":"https:\/\/memisa.be\/fr\/wp-json\/wp\/v2\/media?parent=38796"}],"wp:term":[{"taxonomy":"category","embeddable":true,"href":"https:\/\/memisa.be\/fr\/wp-json\/wp\/v2\/categories?post=38796"},{"taxonomy":"post_tag","embeddable":true,"href":"https:\/\/memisa.be\/fr\/wp-json\/wp\/v2\/tags?post=38796"}],"curies":[{"name":"wp","href":"https:\/\/api.w.org\/{rel}","templated":true}]}}