{"id":38263,"date":"2024-07-03T11:45:27","date_gmt":"2024-07-03T09:45:27","guid":{"rendered":"https:\/\/memisa.be\/?p=38263"},"modified":"2024-07-03T11:50:06","modified_gmt":"2024-07-03T09:50:06","slug":"des-soins-de-sante-pour-les-personnes-vulnerables","status":"publish","type":"post","link":"https:\/\/memisa.be\/fr\/des-soins-de-sante-pour-les-personnes-vulnerables\/","title":{"rendered":"Des soins de sant\u00e9 pour les plus pauvres"},"content":{"rendered":"","protected":false},"excerpt":{"rendered":"","protected":false},"author":1,"featured_media":38264,"comment_status":"closed","ping_status":"closed","sticky":false,"template":"","format":"standard","meta":{"_acf_changed":false,"_sitemap_exclude":false,"_sitemap_priority":"","_sitemap_frequency":"","footnotes":""},"categories":[141],"tags":[],"class_list":["post-38263","post","type-post","status-publish","format-standard","has-post-thumbnail","hentry","category-memisa","post-themes-soins-de-sante"],"acf":[],"yoast_head":"<!-- This site is optimized with the Yoast SEO plugin v26.8 - https:\/\/yoast.com\/product\/yoast-seo-wordpress\/ -->\n<title>Des soins de sant\u00e9 pour les plus pauvres - Memisa<\/title>\n<meta name=\"description\" content=\"Actualit\u00e9s de Memisa, ONG m\u00e9dicale : Des soins de sant\u00e9 pour les plus pauvres sur Soins de sant\u00e9 en [pays]. D\u00e9couvrez les derni\u00e8res avanc\u00e9es ici.\" \/>\n<meta name=\"robots\" content=\"index, follow, max-snippet:-1, max-image-preview:large, max-video-preview:-1\" \/>\n<link rel=\"canonical\" href=\"https:\/\/memisa.be\/fr\/des-soins-de-sante-pour-les-personnes-vulnerables\/\" \/>\n<meta property=\"og:locale\" content=\"fr_FR\" \/>\n<meta property=\"og:type\" content=\"article\" \/>\n<meta property=\"og:title\" content=\"Des soins de sant\u00e9 pour les plus pauvres - Memisa\" \/>\n<meta property=\"og:description\" content=\"Actualit\u00e9s de Memisa, ONG m\u00e9dicale : Des soins de sant\u00e9 pour les plus pauvres sur Soins de sant\u00e9 en [pays]. D\u00e9couvrez les derni\u00e8res avanc\u00e9es ici.\" \/>\n<meta property=\"og:url\" content=\"https:\/\/memisa.be\/fr\/des-soins-de-sante-pour-les-personnes-vulnerables\/\" \/>\n<meta property=\"og:site_name\" content=\"Memisa\" \/>\n<meta property=\"article:published_time\" content=\"2024-07-03T09:45:27+00:00\" \/>\n<meta property=\"article:modified_time\" content=\"2024-07-03T09:50:06+00:00\" \/>\n<meta property=\"og:image\" content=\"https:\/\/memisa.be\/wp-content\/uploads\/2024\/07\/burundi3-scaled.jpg\" \/>\n\t<meta property=\"og:image:width\" content=\"2560\" \/>\n\t<meta property=\"og:image:height\" content=\"1707\" \/>\n\t<meta property=\"og:image:type\" content=\"image\/jpeg\" \/>\n<meta name=\"author\" content=\"paf\" \/>\n<meta name=\"twitter:card\" content=\"summary_large_image\" \/>\n<meta name=\"twitter:label1\" content=\"\u00c9crit par\" \/>\n\t<meta name=\"twitter:data1\" content=\"paf\" \/>\n\t<meta name=\"twitter:label2\" content=\"Dur\u00e9e de lecture estim\u00e9e\" \/>\n\t<meta name=\"twitter:data2\" content=\"1 minute\" \/>\n<script type=\"application\/ld+json\" class=\"yoast-schema-graph\">{\"@context\":\"https:\/\/schema.org\",\"@graph\":[{\"@type\":\"Article\",\"@id\":\"https:\/\/memisa.be\/fr\/des-soins-de-sante-pour-les-personnes-vulnerables\/#article\",\"isPartOf\":{\"@id\":\"https:\/\/memisa.be\/fr\/des-soins-de-sante-pour-les-personnes-vulnerables\/\"},\"author\":{\"name\":\"paf\",\"@id\":\"https:\/\/memisa.be\/fr\/#\/schema\/person\/679e417488ddd0a69e4ba93ac5d9265b\"},\"headline\":\"Des soins de sant\u00e9 pour les plus pauvres\",\"datePublished\":\"2024-07-03T09:45:27+00:00\",\"dateModified\":\"2024-07-03T09:50:06+00:00\",\"mainEntityOfPage\":{\"@id\":\"https:\/\/memisa.be\/fr\/des-soins-de-sante-pour-les-personnes-vulnerables\/\"},\"wordCount\":8,\"image\":{\"@id\":\"https:\/\/memisa.be\/fr\/des-soins-de-sante-pour-les-personnes-vulnerables\/#primaryimage\"},\"thumbnailUrl\":\"https:\/\/memisa.be\/wp-content\/uploads\/2024\/07\/burundi3-scaled.jpg\",\"articleSection\":[\"memisa\"],\"inLanguage\":\"fr-FR\"},{\"@type\":\"WebPage\",\"@id\":\"https:\/\/memisa.be\/fr\/des-soins-de-sante-pour-les-personnes-vulnerables\/\",\"url\":\"https:\/\/memisa.be\/fr\/des-soins-de-sante-pour-les-personnes-vulnerables\/\",\"name\":\"Des soins de sant\u00e9 pour les plus pauvres - Memisa\",\"isPartOf\":{\"@id\":\"https:\/\/memisa.be\/fr\/#website\"},\"primaryImageOfPage\":{\"@id\":\"https:\/\/memisa.be\/fr\/des-soins-de-sante-pour-les-personnes-vulnerables\/#primaryimage\"},\"image\":{\"@id\":\"https:\/\/memisa.be\/fr\/des-soins-de-sante-pour-les-personnes-vulnerables\/#primaryimage\"},\"thumbnailUrl\":\"https:\/\/memisa.be\/wp-content\/uploads\/2024\/07\/burundi3-scaled.jpg\",\"datePublished\":\"2024-07-03T09:45:27+00:00\",\"dateModified\":\"2024-07-03T09:50:06+00:00\",\"author\":{\"@id\":\"https:\/\/memisa.be\/fr\/#\/schema\/person\/679e417488ddd0a69e4ba93ac5d9265b\"},\"description\":\"Actualit\u00e9s de Memisa, ONG m\u00e9dicale : Des soins de sant\u00e9 pour les plus pauvres sur Soins de sant\u00e9 en [pays]. D\u00e9couvrez les derni\u00e8res avanc\u00e9es ici.\",\"breadcrumb\":{\"@id\":\"https:\/\/memisa.be\/fr\/des-soins-de-sante-pour-les-personnes-vulnerables\/#breadcrumb\"},\"inLanguage\":\"fr-FR\",\"potentialAction\":[{\"@type\":\"ReadAction\",\"target\":[\"https:\/\/memisa.be\/fr\/des-soins-de-sante-pour-les-personnes-vulnerables\/\"]}]},{\"@type\":\"ImageObject\",\"inLanguage\":\"fr-FR\",\"@id\":\"https:\/\/memisa.be\/fr\/des-soins-de-sante-pour-les-personnes-vulnerables\/#primaryimage\",\"url\":\"https:\/\/memisa.be\/wp-content\/uploads\/2024\/07\/burundi3-scaled.jpg\",\"contentUrl\":\"https:\/\/memisa.be\/wp-content\/uploads\/2024\/07\/burundi3-scaled.jpg\",\"width\":2560,\"height\":1707},{\"@type\":\"BreadcrumbList\",\"@id\":\"https:\/\/memisa.be\/fr\/des-soins-de-sante-pour-les-personnes-vulnerables\/#breadcrumb\",\"itemListElement\":[{\"@type\":\"ListItem\",\"position\":1,\"name\":\"Home\",\"item\":\"https:\/\/memisa.be\/fr\/\"},{\"@type\":\"ListItem\",\"position\":2,\"name\":\"Des soins de sant\u00e9 pour les plus pauvres\"}]},{\"@type\":\"WebSite\",\"@id\":\"https:\/\/memisa.be\/fr\/#website\",\"url\":\"https:\/\/memisa.be\/fr\/\",\"name\":\"Memisa\",\"description\":\"Un site utilisant WordPress\",\"potentialAction\":[{\"@type\":\"SearchAction\",\"target\":{\"@type\":\"EntryPoint\",\"urlTemplate\":\"https:\/\/memisa.be\/fr\/?s={search_term_string}\"},\"query-input\":{\"@type\":\"PropertyValueSpecification\",\"valueRequired\":true,\"valueName\":\"search_term_string\"}}],\"inLanguage\":\"fr-FR\"},{\"@type\":\"Person\",\"@id\":\"https:\/\/memisa.be\/fr\/#\/schema\/person\/679e417488ddd0a69e4ba93ac5d9265b\",\"name\":\"paf\",\"image\":{\"@type\":\"ImageObject\",\"inLanguage\":\"fr-FR\",\"@id\":\"https:\/\/memisa.be\/fr\/#\/schema\/person\/image\/\",\"url\":\"https:\/\/secure.gravatar.com\/avatar\/0e01551bc077688d05f9d7be5fcb0cbb0ed0a932c7d1b3805455b57e2f2efdc1?s=96&d=mm&r=g\",\"contentUrl\":\"https:\/\/secure.gravatar.com\/avatar\/0e01551bc077688d05f9d7be5fcb0cbb0ed0a932c7d1b3805455b57e2f2efdc1?s=96&d=mm&r=g\",\"caption\":\"paf\"},\"url\":\"https:\/\/memisa.be\/fr\/author\/paf\/\"}]}<\/script>\n<!-- \/ Yoast SEO plugin. -->","yoast_head_json":{"title":"Des soins de sant\u00e9 pour les plus pauvres - Memisa","description":"Actualit\u00e9s de Memisa, ONG m\u00e9dicale : Des soins de sant\u00e9 pour les plus pauvres sur Soins de sant\u00e9 en [pays]. D\u00e9couvrez les derni\u00e8res avanc\u00e9es ici.","robots":{"index":"index","follow":"follow","max-snippet":"max-snippet:-1","max-image-preview":"max-image-preview:large","max-video-preview":"max-video-preview:-1"},"canonical":"https:\/\/memisa.be\/fr\/des-soins-de-sante-pour-les-personnes-vulnerables\/","og_locale":"fr_FR","og_type":"article","og_title":"Des soins de sant\u00e9 pour les plus pauvres - Memisa","og_description":"Actualit\u00e9s de Memisa, ONG m\u00e9dicale : Des soins de sant\u00e9 pour les plus pauvres sur Soins de sant\u00e9 en [pays]. D\u00e9couvrez les derni\u00e8res avanc\u00e9es ici.","og_url":"https:\/\/memisa.be\/fr\/des-soins-de-sante-pour-les-personnes-vulnerables\/","og_site_name":"Memisa","article_published_time":"2024-07-03T09:45:27+00:00","article_modified_time":"2024-07-03T09:50:06+00:00","og_image":[{"width":2560,"height":1707,"url":"https:\/\/memisa.be\/wp-content\/uploads\/2024\/07\/burundi3-scaled.jpg","type":"image\/jpeg"}],"author":"paf","twitter_card":"summary_large_image","twitter_misc":{"\u00c9crit par":"paf","Dur\u00e9e de lecture estim\u00e9e":"1 minute"},"schema":{"@context":"https:\/\/schema.org","@graph":[{"@type":"Article","@id":"https:\/\/memisa.be\/fr\/des-soins-de-sante-pour-les-personnes-vulnerables\/#article","isPartOf":{"@id":"https:\/\/memisa.be\/fr\/des-soins-de-sante-pour-les-personnes-vulnerables\/"},"author":{"name":"paf","@id":"https:\/\/memisa.be\/fr\/#\/schema\/person\/679e417488ddd0a69e4ba93ac5d9265b"},"headline":"Des soins de sant\u00e9 pour les plus pauvres","datePublished":"2024-07-03T09:45:27+00:00","dateModified":"2024-07-03T09:50:06+00:00","mainEntityOfPage":{"@id":"https:\/\/memisa.be\/fr\/des-soins-de-sante-pour-les-personnes-vulnerables\/"},"wordCount":8,"image":{"@id":"https:\/\/memisa.be\/fr\/des-soins-de-sante-pour-les-personnes-vulnerables\/#primaryimage"},"thumbnailUrl":"https:\/\/memisa.be\/wp-content\/uploads\/2024\/07\/burundi3-scaled.jpg","articleSection":["memisa"],"inLanguage":"fr-FR"},{"@type":"WebPage","@id":"https:\/\/memisa.be\/fr\/des-soins-de-sante-pour-les-personnes-vulnerables\/","url":"https:\/\/memisa.be\/fr\/des-soins-de-sante-pour-les-personnes-vulnerables\/","name":"Des soins de sant\u00e9 pour les plus pauvres - Memisa","isPartOf":{"@id":"https:\/\/memisa.be\/fr\/#website"},"primaryImageOfPage":{"@id":"https:\/\/memisa.be\/fr\/des-soins-de-sante-pour-les-personnes-vulnerables\/#primaryimage"},"image":{"@id":"https:\/\/memisa.be\/fr\/des-soins-de-sante-pour-les-personnes-vulnerables\/#primaryimage"},"thumbnailUrl":"https:\/\/memisa.be\/wp-content\/uploads\/2024\/07\/burundi3-scaled.jpg","datePublished":"2024-07-03T09:45:27+00:00","dateModified":"2024-07-03T09:50:06+00:00","author":{"@id":"https:\/\/memisa.be\/fr\/#\/schema\/person\/679e417488ddd0a69e4ba93ac5d9265b"},"description":"Actualit\u00e9s de Memisa, ONG m\u00e9dicale : Des soins de sant\u00e9 pour les plus pauvres sur Soins de sant\u00e9 en [pays]. D\u00e9couvrez les derni\u00e8res avanc\u00e9es ici.","breadcrumb":{"@id":"https:\/\/memisa.be\/fr\/des-soins-de-sante-pour-les-personnes-vulnerables\/#breadcrumb"},"inLanguage":"fr-FR","potentialAction":[{"@type":"ReadAction","target":["https:\/\/memisa.be\/fr\/des-soins-de-sante-pour-les-personnes-vulnerables\/"]}]},{"@type":"ImageObject","inLanguage":"fr-FR","@id":"https:\/\/memisa.be\/fr\/des-soins-de-sante-pour-les-personnes-vulnerables\/#primaryimage","url":"https:\/\/memisa.be\/wp-content\/uploads\/2024\/07\/burundi3-scaled.jpg","contentUrl":"https:\/\/memisa.be\/wp-content\/uploads\/2024\/07\/burundi3-scaled.jpg","width":2560,"height":1707},{"@type":"BreadcrumbList","@id":"https:\/\/memisa.be\/fr\/des-soins-de-sante-pour-les-personnes-vulnerables\/#breadcrumb","itemListElement":[{"@type":"ListItem","position":1,"name":"Home","item":"https:\/\/memisa.be\/fr\/"},{"@type":"ListItem","position":2,"name":"Des soins de sant\u00e9 pour les plus pauvres"}]},{"@type":"WebSite","@id":"https:\/\/memisa.be\/fr\/#website","url":"https:\/\/memisa.be\/fr\/","name":"Memisa","description":"Un site utilisant WordPress","potentialAction":[{"@type":"SearchAction","target":{"@type":"EntryPoint","urlTemplate":"https:\/\/memisa.be\/fr\/?s={search_term_string}"},"query-input":{"@type":"PropertyValueSpecification","valueRequired":true,"valueName":"search_term_string"}}],"inLanguage":"fr-FR"},{"@type":"Person","@id":"https:\/\/memisa.be\/fr\/#\/schema\/person\/679e417488ddd0a69e4ba93ac5d9265b","name":"paf","image":{"@type":"ImageObject","inLanguage":"fr-FR","@id":"https:\/\/memisa.be\/fr\/#\/schema\/person\/image\/","url":"https:\/\/secure.gravatar.com\/avatar\/0e01551bc077688d05f9d7be5fcb0cbb0ed0a932c7d1b3805455b57e2f2efdc1?s=96&d=mm&r=g","contentUrl":"https:\/\/secure.gravatar.com\/avatar\/0e01551bc077688d05f9d7be5fcb0cbb0ed0a932c7d1b3805455b57e2f2efdc1?s=96&d=mm&r=g","caption":"paf"},"url":"https:\/\/memisa.be\/fr\/author\/paf\/"}]}},"_links":{"self":[{"href":"https:\/\/memisa.be\/fr\/wp-json\/wp\/v2\/posts\/38263","targetHints":{"allow":["GET"]}}],"collection":[{"href":"https:\/\/memisa.be\/fr\/wp-json\/wp\/v2\/posts"}],"about":[{"href":"https:\/\/memisa.be\/fr\/wp-json\/wp\/v2\/types\/post"}],"author":[{"embeddable":true,"href":"https:\/\/memisa.be\/fr\/wp-json\/wp\/v2\/users\/1"}],"replies":[{"embeddable":true,"href":"https:\/\/memisa.be\/fr\/wp-json\/wp\/v2\/comments?post=38263"}],"version-history":[{"count":4,"href":"https:\/\/memisa.be\/fr\/wp-json\/wp\/v2\/posts\/38263\/revisions"}],"predecessor-version":[{"id":38309,"href":"https:\/\/memisa.be\/fr\/wp-json\/wp\/v2\/posts\/38263\/revisions\/38309"}],"wp:featuredmedia":[{"embeddable":true,"href":"https:\/\/memisa.be\/fr\/wp-json\/wp\/v2\/media\/38264"}],"wp:attachment":[{"href":"https:\/\/memisa.be\/fr\/wp-json\/wp\/v2\/media?parent=38263"}],"wp:term":[{"taxonomy":"category","embeddable":true,"href":"https:\/\/memisa.be\/fr\/wp-json\/wp\/v2\/categories?post=38263"},{"taxonomy":"post_tag","embeddable":true,"href":"https:\/\/memisa.be\/fr\/wp-json\/wp\/v2\/tags?post=38263"}],"curies":[{"name":"wp","href":"https:\/\/api.w.org\/{rel}","templated":true}]}}