{"id":36377,"date":"2023-10-23T12:32:57","date_gmt":"2023-10-23T10:32:57","guid":{"rendered":"https:\/\/memisa.be\/?p=36377"},"modified":"2023-10-23T12:32:57","modified_gmt":"2023-10-23T10:32:57","slug":"solidarite-internationale-et-reseaux-sociaux-comment-reagir-aux-commentaires-negatifs","status":"publish","type":"post","link":"https:\/\/memisa.be\/fr\/solidarite-internationale-et-reseaux-sociaux-comment-reagir-aux-commentaires-negatifs\/","title":{"rendered":"Solidarit\u00e9 internationale et r\u00e9seaux sociaux : comment r\u00e9agir aux commentaires n\u00e9gatifs ?"},"content":{"rendered":"<p>Memisa, comme toute ONG de son temps, est active sur les <strong>r\u00e9seaux sociaux<\/strong>. Facebook, Instagram, LinkedIn et tant d\u2019autres sont des outils tr\u00e8s utiles. Ils nous permettent \u00e0 la fois de <strong>sensibiliser<\/strong> le public au d\u00e9fi de l\u2019acc\u00e8s aux soins de sant\u00e9 de qualit\u00e9, de <strong>partager<\/strong> <strong>des t\u00e9moignages<\/strong> de patients et de prestaires m\u00e9dicaux, de <strong>solliciter des dons<\/strong> ou <strong>d\u2019interagir<\/strong> directement avec nos sympathisants et sympathisantes.<\/p>\n<p>Cette pr\u00e9sence en ligne permet \u00e9galement <strong>d\u2019ouvrir le d\u00e9bat <\/strong>sur les questions de solidarit\u00e9 internationale, d\u2019\u00e9changer et d\u2019argumenter avec un public qui n\u2019est pas toujours acquis \u00e0 notre cause. Mais qu\u2019en est-il quand des commentaires racistes ou injurieux <strong>emp\u00eachent toute forme de dialogue<\/strong>\u00a0?<\/p>\n<p><img loading=\"lazy\" decoding=\"async\" class=\"alignnone wp-image-36378 size-large\" src=\"https:\/\/memisa.be\/wp-content\/uploads\/2023\/10\/IMG_1580-1024x683.jpg\" alt=\"\u00e9tudiants en classe pris en photo\" width=\"1024\" height=\"683\" srcset=\"https:\/\/memisa.be\/wp-content\/uploads\/2023\/10\/IMG_1580-1024x683.jpg 1024w, https:\/\/memisa.be\/wp-content\/uploads\/2023\/10\/IMG_1580-500x333.jpg 500w, https:\/\/memisa.be\/wp-content\/uploads\/2023\/10\/IMG_1580-768x512.jpg 768w, https:\/\/memisa.be\/wp-content\/uploads\/2023\/10\/IMG_1580-1536x1024.jpg 1536w, https:\/\/memisa.be\/wp-content\/uploads\/2023\/10\/IMG_1580-2048x1365.jpg 2048w, https:\/\/memisa.be\/wp-content\/uploads\/2023\/10\/IMG_1580-scaled.jpg 1920w\" sizes=\"auto, (max-width: 1024px) 100vw, 1024px\" \/><\/p>\n<p>En tant qu\u2019ONG engag\u00e9e pour l\u2019acc\u00e8s \u00e0 la sant\u00e9 pour toutes et tous, ou en tant que citoyen.ne pr\u00e9occup\u00e9.e par les questions de solidarit\u00e9, <strong>comment r\u00e9agir aux commentaires n\u00e9gatifs sur les r\u00e9seaux sociaux<\/strong> et \u00e9viter que nos plateformes diffusent des messages de discrimination\u00a0?<\/p>\n<p>Voici quelques id\u00e9es utilis\u00e9es par Memisa pour r\u00e9pondre \u00e0 certaines questions fr\u00e9quentes.\u00a0 N\u2019h\u00e9sitez pas \u00e0 vous en inspirer pour r\u00e9agir vous aussi lorsqu\u2019un commentaire vous met mal \u00e0 l\u2019aise.<\/p>\n<h2><strong>Remarque n\u00b01\u00a0:<\/strong> <strong>Vous devriez soutenir les plus d\u00e9munis en Belgique d\u2019abord\u00a0<\/strong><\/h2>\n<p>Proposition de r\u00e9ponse : La probl\u00e9matique de l\u2019acc\u00e8s \u00e0 des soins de qualit\u00e9 est pr\u00e9sente dans le monde entier. En Belgique aussi, Memisa collabore avec Sant&rsquo; Egidio, pour un meilleur acc\u00e8s aux soins des personnes sans abri \u00e0 Anvers, en plus de nos activit\u00e9s de coop\u00e9ration internationale. Vous voulez en savoir plus sur notre action en Belgique ? Cliquez ici !<\/p>\n<p>L\u2019acc\u00e8s aux soins de sant\u00e9 est toutefois un droit universel, qui ne conna\u00eet pas de fronti\u00e8res. C\u2019est pourquoi Memisa s\u2019engage pour un meilleur acc\u00e8s aux soins de sant\u00e9 dans plusieurs d\u2019Afrique ainsi qu\u2019en Inde.<\/p>\n<h2><strong>Remarque n\u00b02\u00a0: Les ONG nous arnaquent \u00a0<\/strong><\/h2>\n<p>Proposition de r\u00e9ponse\u00a0: La transparence est tr\u00e8s importante pour nous. Memisa est audit\u00e9e de mani\u00e8re annuelle et est membre de <a href=\"https:\/\/www.vef-aerf.be\/?lang=fr\" target=\"_blank\" rel=\"noopener\">l\u2019Association pour une Ethique dans les R\u00e9coltes de Fonds<\/a>).\u00a0 Nous mettons en \u0153uvre nos projets gr\u00e2ce aux dons du grand public et au soutien de bailleurs (Union Europ\u00e9enne, Etat belge, etc.). Ces bailleurs exigent des rapports financiers pointilleux, tous disponibles sur notre site : <a href=\"https:\/\/memisa.be\/fr\/transparence\/\">https:\/\/memisa.be\/fr\/transparence\/<\/a>. Vous trouverez dans chacun d\u2019entre eux des d\u00e9tails concernant nos activit\u00e9s et l\u2019utilisation des financements qui devraient r\u00e9pondre \u00e0 vos questions.<\/p>\n<h2><strong>Remarque n\u00b03\u00a0: %#\u00b2*$&amp;\u00a0!<\/strong><\/h2>\n<p>Lorsqu\u2019un commentaire est insultant ou raciste, nous faisons le choix de ne pas y r\u00e9pondre du tout. En effet, nous ne souhaitons pas que nos r\u00e9seaux servent de plateforme pour la propagation de ce type de messages, contraires \u00e0 nos valeurs. Selon les recommandations d\u2019UNIA, nous signalons les commentaires de aupr\u00e8s de M\u00e9ta et les masquons.\u00a0 https:\/\/www.unia.be\/fr\/domaines-daction\/medias-et-internet\/internet\/que-faire-face-a-des-messages-de-haine-sur-les-reseaux-sociaux<\/p>\n<h2><strong>Remarque n\u00b04\u00a0: Merci pour ce que vous faites\u00a0!<\/strong><\/h2>\n<p>Heureusement, la plupart des commentaires sont le plus souvent positifs. Ils m\u00e9ritent \u00e9galement toute notre attention \u00e0 ce titre. Commenter, liker, partager un article sur les actions de Memisa ou sur la coop\u00e9ration internationale en g\u00e9n\u00e9ral peut avoir un impact significatif sur la sensibilisation du grand public ainsi que sur notre collecte de fonds.<\/p>\n<p>En effet, par un simple clic, les internautes contribuent \u00e0 faire conna\u00eetre Memisa et sa mission\u00a0: l\u2019am\u00e9lioration de la qualit\u00e9 des soins de sant\u00e9 pour toutes et tous. Gr\u00e2ce aux r\u00e9seaux sociaux, nous pouvons sensibiliser un public plus large \u00e0 ces questions et encourager de nouvelles personnes \u00e0 s&rsquo;impliquer pour soutenir cette cause. En partageant nos messages, vous pouvez m\u00eame nous aider \u00e0 influencer les politiques et \u00e0 contribuer ainsi au changement social.<\/p>\n<table style=\"width: 100%; border-collapse: collapse; border-color: #993333; background-color: #993333;\" border=\"1\">\n<tbody>\n<tr>\n<td style=\"width: 100%;\">\n<p style=\"text-align: center;\"><span style=\"color: #ffffff;\"><strong>Memisa adh\u00e8re \u00e0 l\u2019initiative \u00ab<a style=\"color: #ffffff;\" href=\"https:\/\/pasici.be\/onderschrijf\" target=\"_blank\" rel=\"noopener\">\u00a0Pas Ici\u00a0!<\/a> \u00bb <\/strong><strong>d\u00e9velopp\u00e9e par UNIA. Cela signifie que nous estimons qu\u2019il n\u2019y a pas de place pour les discours haineux et les insultes sur les m\u00e9dias sociaux de Memisa.<\/strong><\/span><\/p>\n<p>&nbsp;<\/td>\n<\/tr>\n<\/tbody>\n<\/table>\n<p>&nbsp;<\/p>\n<p>&nbsp;<\/p>\n<p>&nbsp;<\/p>\n<p>&nbsp;<\/p>\n<p>&nbsp;<\/p>\n<p>&nbsp;<\/p>\n","protected":false},"excerpt":{"rendered":"<p>Memisa, comme toute ONG de son temps, est active sur les r\u00e9seaux sociaux. Facebook, Instagram, LinkedIn et tant d\u2019autres sont des outils tr\u00e8s utiles. Ils nous permettent \u00e0 la fois de sensibiliser le public au d\u00e9fi de l\u2019acc\u00e8s aux soins de sant\u00e9 de qualit\u00e9, de partager des t\u00e9moignages de patients et de prestaires m\u00e9dicaux, de [&hellip;]<\/p>\n","protected":false},"author":10,"featured_media":36378,"comment_status":"closed","ping_status":"closed","sticky":false,"template":"","format":"standard","meta":{"_acf_changed":false,"_sitemap_exclude":false,"_sitemap_priority":"","_sitemap_frequency":"","footnotes":""},"categories":[141],"tags":[],"class_list":["post-36377","post","type-post","status-publish","format-standard","has-post-thumbnail","hentry","category-memisa"],"acf":[],"yoast_head":"<!-- This site is optimized with the Yoast SEO plugin v26.8 - https:\/\/yoast.com\/product\/yoast-seo-wordpress\/ -->\n<title>Solidarit\u00e9 internationale et r\u00e9seaux sociaux : comment r\u00e9agir aux commentaires n\u00e9gatifs ? - Memisa<\/title>\n<meta name=\"description\" content=\"Pour une ONG, la pr\u00e9sence sur les r\u00e9seaux sociaux permet \u00e9galement d\u2019ouvrir le d\u00e9bat sur les questions de solidarit\u00e9 internationale. Qu\u2019en est-il quand des commentaires injurieux emp\u00eachent toute forme de dialogue\u00a0?\" \/>\n<meta name=\"robots\" content=\"index, follow, max-snippet:-1, max-image-preview:large, max-video-preview:-1\" \/>\n<link rel=\"canonical\" href=\"https:\/\/memisa.be\/fr\/solidarite-internationale-et-reseaux-sociaux-comment-reagir-aux-commentaires-negatifs\/\" \/>\n<meta property=\"og:locale\" content=\"fr_FR\" \/>\n<meta property=\"og:type\" content=\"article\" \/>\n<meta property=\"og:title\" content=\"Solidarit\u00e9 internationale et r\u00e9seaux sociaux : comment r\u00e9agir aux commentaires n\u00e9gatifs ? - Memisa\" \/>\n<meta property=\"og:description\" content=\"Pour une ONG, la pr\u00e9sence sur les r\u00e9seaux sociaux permet \u00e9galement d\u2019ouvrir le d\u00e9bat sur les questions de solidarit\u00e9 internationale. Qu\u2019en est-il quand des commentaires injurieux emp\u00eachent toute forme de dialogue\u00a0?\" \/>\n<meta property=\"og:url\" content=\"https:\/\/memisa.be\/fr\/solidarite-internationale-et-reseaux-sociaux-comment-reagir-aux-commentaires-negatifs\/\" \/>\n<meta property=\"og:site_name\" content=\"Memisa\" \/>\n<meta property=\"article:published_time\" content=\"2023-10-23T10:32:57+00:00\" \/>\n<meta property=\"og:image\" content=\"https:\/\/memisa.be\/wp-content\/uploads\/2023\/10\/IMG_1580-scaled.jpg\" \/>\n\t<meta property=\"og:image:width\" content=\"1920\" \/>\n\t<meta property=\"og:image:height\" content=\"1280\" \/>\n\t<meta property=\"og:image:type\" content=\"image\/jpeg\" \/>\n<meta name=\"author\" content=\"Oriane Delannoy\" \/>\n<meta name=\"twitter:card\" content=\"summary_large_image\" \/>\n<meta name=\"twitter:label1\" content=\"\u00c9crit par\" \/>\n\t<meta name=\"twitter:data1\" content=\"Oriane Delannoy\" \/>\n\t<meta name=\"twitter:label2\" content=\"Dur\u00e9e de lecture estim\u00e9e\" \/>\n\t<meta name=\"twitter:data2\" content=\"4 minutes\" \/>\n<script type=\"application\/ld+json\" class=\"yoast-schema-graph\">{\"@context\":\"https:\/\/schema.org\",\"@graph\":[{\"@type\":\"Article\",\"@id\":\"https:\/\/memisa.be\/fr\/solidarite-internationale-et-reseaux-sociaux-comment-reagir-aux-commentaires-negatifs\/#article\",\"isPartOf\":{\"@id\":\"https:\/\/memisa.be\/fr\/solidarite-internationale-et-reseaux-sociaux-comment-reagir-aux-commentaires-negatifs\/\"},\"author\":{\"name\":\"Oriane Delannoy\",\"@id\":\"https:\/\/memisa.be\/fr\/#\/schema\/person\/6edf81346df8a0bc1e908efc958f2f40\"},\"headline\":\"Solidarit\u00e9 internationale et r\u00e9seaux sociaux : comment r\u00e9agir aux commentaires n\u00e9gatifs ?\",\"datePublished\":\"2023-10-23T10:32:57+00:00\",\"mainEntityOfPage\":{\"@id\":\"https:\/\/memisa.be\/fr\/solidarite-internationale-et-reseaux-sociaux-comment-reagir-aux-commentaires-negatifs\/\"},\"wordCount\":710,\"image\":{\"@id\":\"https:\/\/memisa.be\/fr\/solidarite-internationale-et-reseaux-sociaux-comment-reagir-aux-commentaires-negatifs\/#primaryimage\"},\"thumbnailUrl\":\"https:\/\/memisa.be\/wp-content\/uploads\/2023\/10\/IMG_1580-scaled.jpg\",\"articleSection\":[\"memisa\"],\"inLanguage\":\"fr-FR\"},{\"@type\":\"WebPage\",\"@id\":\"https:\/\/memisa.be\/fr\/solidarite-internationale-et-reseaux-sociaux-comment-reagir-aux-commentaires-negatifs\/\",\"url\":\"https:\/\/memisa.be\/fr\/solidarite-internationale-et-reseaux-sociaux-comment-reagir-aux-commentaires-negatifs\/\",\"name\":\"Solidarit\u00e9 internationale et r\u00e9seaux sociaux : comment r\u00e9agir aux commentaires n\u00e9gatifs ? - Memisa\",\"isPartOf\":{\"@id\":\"https:\/\/memisa.be\/fr\/#website\"},\"primaryImageOfPage\":{\"@id\":\"https:\/\/memisa.be\/fr\/solidarite-internationale-et-reseaux-sociaux-comment-reagir-aux-commentaires-negatifs\/#primaryimage\"},\"image\":{\"@id\":\"https:\/\/memisa.be\/fr\/solidarite-internationale-et-reseaux-sociaux-comment-reagir-aux-commentaires-negatifs\/#primaryimage\"},\"thumbnailUrl\":\"https:\/\/memisa.be\/wp-content\/uploads\/2023\/10\/IMG_1580-scaled.jpg\",\"datePublished\":\"2023-10-23T10:32:57+00:00\",\"author\":{\"@id\":\"https:\/\/memisa.be\/fr\/#\/schema\/person\/6edf81346df8a0bc1e908efc958f2f40\"},\"description\":\"Pour une ONG, la pr\u00e9sence sur les r\u00e9seaux sociaux permet \u00e9galement d\u2019ouvrir le d\u00e9bat sur les questions de solidarit\u00e9 internationale. Qu\u2019en est-il quand des commentaires injurieux emp\u00eachent toute forme de dialogue\u00a0?\",\"breadcrumb\":{\"@id\":\"https:\/\/memisa.be\/fr\/solidarite-internationale-et-reseaux-sociaux-comment-reagir-aux-commentaires-negatifs\/#breadcrumb\"},\"inLanguage\":\"fr-FR\",\"potentialAction\":[{\"@type\":\"ReadAction\",\"target\":[\"https:\/\/memisa.be\/fr\/solidarite-internationale-et-reseaux-sociaux-comment-reagir-aux-commentaires-negatifs\/\"]}]},{\"@type\":\"ImageObject\",\"inLanguage\":\"fr-FR\",\"@id\":\"https:\/\/memisa.be\/fr\/solidarite-internationale-et-reseaux-sociaux-comment-reagir-aux-commentaires-negatifs\/#primaryimage\",\"url\":\"https:\/\/memisa.be\/wp-content\/uploads\/2023\/10\/IMG_1580-scaled.jpg\",\"contentUrl\":\"https:\/\/memisa.be\/wp-content\/uploads\/2023\/10\/IMG_1580-scaled.jpg\",\"width\":1920,\"height\":1280,\"caption\":\"\u00e9tudiants en classe pris en photo\"},{\"@type\":\"BreadcrumbList\",\"@id\":\"https:\/\/memisa.be\/fr\/solidarite-internationale-et-reseaux-sociaux-comment-reagir-aux-commentaires-negatifs\/#breadcrumb\",\"itemListElement\":[{\"@type\":\"ListItem\",\"position\":1,\"name\":\"Home\",\"item\":\"https:\/\/memisa.be\/fr\/\"},{\"@type\":\"ListItem\",\"position\":2,\"name\":\"Solidarit\u00e9 internationale et r\u00e9seaux sociaux : comment r\u00e9agir aux commentaires n\u00e9gatifs ?\"}]},{\"@type\":\"WebSite\",\"@id\":\"https:\/\/memisa.be\/fr\/#website\",\"url\":\"https:\/\/memisa.be\/fr\/\",\"name\":\"Memisa\",\"description\":\"Un site utilisant WordPress\",\"potentialAction\":[{\"@type\":\"SearchAction\",\"target\":{\"@type\":\"EntryPoint\",\"urlTemplate\":\"https:\/\/memisa.be\/fr\/?s={search_term_string}\"},\"query-input\":{\"@type\":\"PropertyValueSpecification\",\"valueRequired\":true,\"valueName\":\"search_term_string\"}}],\"inLanguage\":\"fr-FR\"},{\"@type\":\"Person\",\"@id\":\"https:\/\/memisa.be\/fr\/#\/schema\/person\/6edf81346df8a0bc1e908efc958f2f40\",\"name\":\"Oriane Delannoy\",\"image\":{\"@type\":\"ImageObject\",\"inLanguage\":\"fr-FR\",\"@id\":\"https:\/\/memisa.be\/fr\/#\/schema\/person\/image\/\",\"url\":\"https:\/\/secure.gravatar.com\/avatar\/f54aa4fdafbc5d62c52ff82e60caa62c85a15c9c8862b63bac840aa50d84d67a?s=96&d=mm&r=g\",\"contentUrl\":\"https:\/\/secure.gravatar.com\/avatar\/f54aa4fdafbc5d62c52ff82e60caa62c85a15c9c8862b63bac840aa50d84d67a?s=96&d=mm&r=g\",\"caption\":\"Oriane Delannoy\"},\"url\":\"https:\/\/memisa.be\/fr\/author\/oriane-delannoy\/\"}]}<\/script>\n<!-- \/ Yoast SEO plugin. -->","yoast_head_json":{"title":"Solidarit\u00e9 internationale et r\u00e9seaux sociaux : comment r\u00e9agir aux commentaires n\u00e9gatifs ? - Memisa","description":"Pour une ONG, la pr\u00e9sence sur les r\u00e9seaux sociaux permet \u00e9galement d\u2019ouvrir le d\u00e9bat sur les questions de solidarit\u00e9 internationale. Qu\u2019en est-il quand des commentaires injurieux emp\u00eachent toute forme de dialogue\u00a0?","robots":{"index":"index","follow":"follow","max-snippet":"max-snippet:-1","max-image-preview":"max-image-preview:large","max-video-preview":"max-video-preview:-1"},"canonical":"https:\/\/memisa.be\/fr\/solidarite-internationale-et-reseaux-sociaux-comment-reagir-aux-commentaires-negatifs\/","og_locale":"fr_FR","og_type":"article","og_title":"Solidarit\u00e9 internationale et r\u00e9seaux sociaux : comment r\u00e9agir aux commentaires n\u00e9gatifs ? - Memisa","og_description":"Pour une ONG, la pr\u00e9sence sur les r\u00e9seaux sociaux permet \u00e9galement d\u2019ouvrir le d\u00e9bat sur les questions de solidarit\u00e9 internationale. Qu\u2019en est-il quand des commentaires injurieux emp\u00eachent toute forme de dialogue\u00a0?","og_url":"https:\/\/memisa.be\/fr\/solidarite-internationale-et-reseaux-sociaux-comment-reagir-aux-commentaires-negatifs\/","og_site_name":"Memisa","article_published_time":"2023-10-23T10:32:57+00:00","og_image":[{"width":1920,"height":1280,"url":"https:\/\/memisa.be\/wp-content\/uploads\/2023\/10\/IMG_1580-scaled.jpg","type":"image\/jpeg"}],"author":"Oriane Delannoy","twitter_card":"summary_large_image","twitter_misc":{"\u00c9crit par":"Oriane Delannoy","Dur\u00e9e de lecture estim\u00e9e":"4 minutes"},"schema":{"@context":"https:\/\/schema.org","@graph":[{"@type":"Article","@id":"https:\/\/memisa.be\/fr\/solidarite-internationale-et-reseaux-sociaux-comment-reagir-aux-commentaires-negatifs\/#article","isPartOf":{"@id":"https:\/\/memisa.be\/fr\/solidarite-internationale-et-reseaux-sociaux-comment-reagir-aux-commentaires-negatifs\/"},"author":{"name":"Oriane Delannoy","@id":"https:\/\/memisa.be\/fr\/#\/schema\/person\/6edf81346df8a0bc1e908efc958f2f40"},"headline":"Solidarit\u00e9 internationale et r\u00e9seaux sociaux : comment r\u00e9agir aux commentaires n\u00e9gatifs ?","datePublished":"2023-10-23T10:32:57+00:00","mainEntityOfPage":{"@id":"https:\/\/memisa.be\/fr\/solidarite-internationale-et-reseaux-sociaux-comment-reagir-aux-commentaires-negatifs\/"},"wordCount":710,"image":{"@id":"https:\/\/memisa.be\/fr\/solidarite-internationale-et-reseaux-sociaux-comment-reagir-aux-commentaires-negatifs\/#primaryimage"},"thumbnailUrl":"https:\/\/memisa.be\/wp-content\/uploads\/2023\/10\/IMG_1580-scaled.jpg","articleSection":["memisa"],"inLanguage":"fr-FR"},{"@type":"WebPage","@id":"https:\/\/memisa.be\/fr\/solidarite-internationale-et-reseaux-sociaux-comment-reagir-aux-commentaires-negatifs\/","url":"https:\/\/memisa.be\/fr\/solidarite-internationale-et-reseaux-sociaux-comment-reagir-aux-commentaires-negatifs\/","name":"Solidarit\u00e9 internationale et r\u00e9seaux sociaux : comment r\u00e9agir aux commentaires n\u00e9gatifs ? - Memisa","isPartOf":{"@id":"https:\/\/memisa.be\/fr\/#website"},"primaryImageOfPage":{"@id":"https:\/\/memisa.be\/fr\/solidarite-internationale-et-reseaux-sociaux-comment-reagir-aux-commentaires-negatifs\/#primaryimage"},"image":{"@id":"https:\/\/memisa.be\/fr\/solidarite-internationale-et-reseaux-sociaux-comment-reagir-aux-commentaires-negatifs\/#primaryimage"},"thumbnailUrl":"https:\/\/memisa.be\/wp-content\/uploads\/2023\/10\/IMG_1580-scaled.jpg","datePublished":"2023-10-23T10:32:57+00:00","author":{"@id":"https:\/\/memisa.be\/fr\/#\/schema\/person\/6edf81346df8a0bc1e908efc958f2f40"},"description":"Pour une ONG, la pr\u00e9sence sur les r\u00e9seaux sociaux permet \u00e9galement d\u2019ouvrir le d\u00e9bat sur les questions de solidarit\u00e9 internationale. Qu\u2019en est-il quand des commentaires injurieux emp\u00eachent toute forme de dialogue\u00a0?","breadcrumb":{"@id":"https:\/\/memisa.be\/fr\/solidarite-internationale-et-reseaux-sociaux-comment-reagir-aux-commentaires-negatifs\/#breadcrumb"},"inLanguage":"fr-FR","potentialAction":[{"@type":"ReadAction","target":["https:\/\/memisa.be\/fr\/solidarite-internationale-et-reseaux-sociaux-comment-reagir-aux-commentaires-negatifs\/"]}]},{"@type":"ImageObject","inLanguage":"fr-FR","@id":"https:\/\/memisa.be\/fr\/solidarite-internationale-et-reseaux-sociaux-comment-reagir-aux-commentaires-negatifs\/#primaryimage","url":"https:\/\/memisa.be\/wp-content\/uploads\/2023\/10\/IMG_1580-scaled.jpg","contentUrl":"https:\/\/memisa.be\/wp-content\/uploads\/2023\/10\/IMG_1580-scaled.jpg","width":1920,"height":1280,"caption":"\u00e9tudiants en classe pris en photo"},{"@type":"BreadcrumbList","@id":"https:\/\/memisa.be\/fr\/solidarite-internationale-et-reseaux-sociaux-comment-reagir-aux-commentaires-negatifs\/#breadcrumb","itemListElement":[{"@type":"ListItem","position":1,"name":"Home","item":"https:\/\/memisa.be\/fr\/"},{"@type":"ListItem","position":2,"name":"Solidarit\u00e9 internationale et r\u00e9seaux sociaux : comment r\u00e9agir aux commentaires n\u00e9gatifs ?"}]},{"@type":"WebSite","@id":"https:\/\/memisa.be\/fr\/#website","url":"https:\/\/memisa.be\/fr\/","name":"Memisa","description":"Un site utilisant WordPress","potentialAction":[{"@type":"SearchAction","target":{"@type":"EntryPoint","urlTemplate":"https:\/\/memisa.be\/fr\/?s={search_term_string}"},"query-input":{"@type":"PropertyValueSpecification","valueRequired":true,"valueName":"search_term_string"}}],"inLanguage":"fr-FR"},{"@type":"Person","@id":"https:\/\/memisa.be\/fr\/#\/schema\/person\/6edf81346df8a0bc1e908efc958f2f40","name":"Oriane Delannoy","image":{"@type":"ImageObject","inLanguage":"fr-FR","@id":"https:\/\/memisa.be\/fr\/#\/schema\/person\/image\/","url":"https:\/\/secure.gravatar.com\/avatar\/f54aa4fdafbc5d62c52ff82e60caa62c85a15c9c8862b63bac840aa50d84d67a?s=96&d=mm&r=g","contentUrl":"https:\/\/secure.gravatar.com\/avatar\/f54aa4fdafbc5d62c52ff82e60caa62c85a15c9c8862b63bac840aa50d84d67a?s=96&d=mm&r=g","caption":"Oriane Delannoy"},"url":"https:\/\/memisa.be\/fr\/author\/oriane-delannoy\/"}]}},"_links":{"self":[{"href":"https:\/\/memisa.be\/fr\/wp-json\/wp\/v2\/posts\/36377","targetHints":{"allow":["GET"]}}],"collection":[{"href":"https:\/\/memisa.be\/fr\/wp-json\/wp\/v2\/posts"}],"about":[{"href":"https:\/\/memisa.be\/fr\/wp-json\/wp\/v2\/types\/post"}],"author":[{"embeddable":true,"href":"https:\/\/memisa.be\/fr\/wp-json\/wp\/v2\/users\/10"}],"replies":[{"embeddable":true,"href":"https:\/\/memisa.be\/fr\/wp-json\/wp\/v2\/comments?post=36377"}],"version-history":[{"count":4,"href":"https:\/\/memisa.be\/fr\/wp-json\/wp\/v2\/posts\/36377\/revisions"}],"predecessor-version":[{"id":36384,"href":"https:\/\/memisa.be\/fr\/wp-json\/wp\/v2\/posts\/36377\/revisions\/36384"}],"wp:featuredmedia":[{"embeddable":true,"href":"https:\/\/memisa.be\/fr\/wp-json\/wp\/v2\/media\/36378"}],"wp:attachment":[{"href":"https:\/\/memisa.be\/fr\/wp-json\/wp\/v2\/media?parent=36377"}],"wp:term":[{"taxonomy":"category","embeddable":true,"href":"https:\/\/memisa.be\/fr\/wp-json\/wp\/v2\/categories?post=36377"},{"taxonomy":"post_tag","embeddable":true,"href":"https:\/\/memisa.be\/fr\/wp-json\/wp\/v2\/tags?post=36377"}],"curies":[{"name":"wp","href":"https:\/\/api.w.org\/{rel}","templated":true}]}}