{"id":36149,"date":"2023-09-12T11:02:57","date_gmt":"2023-09-12T09:02:57","guid":{"rendered":"https:\/\/memisa.be\/?p=36149"},"modified":"2023-09-12T11:18:28","modified_gmt":"2023-09-12T09:18:28","slug":"ce-que-jadmire-cest-lapproche-humaine-de-memisa","status":"publish","type":"post","link":"https:\/\/memisa.be\/fr\/ce-que-jadmire-cest-lapproche-humaine-de-memisa\/","title":{"rendered":"\u00a0\u00ab\u00a0Ce que j\u2019admire, c\u2019est l\u2019approche humaine de Memisa\u00a0\u00bb"},"content":{"rendered":"<p>De plus en plus de belges sont conscients que leurs ressources financi\u00e8res peuvent avoir un impact durable et choisissent de faire un <strong>legs \u00e0 une association<\/strong>. Les chiffres parlent d&rsquo;eux-m\u00eames. L&rsquo;ann\u00e9e derni\u00e8re, en Flandre <strong>305 millions d&rsquo;euros ont \u00e9t\u00e9 vers\u00e9s \u00e0 des associations<\/strong> par le biais des testaments. De l&rsquo;autre c\u00f4t\u00e9 de la fronti\u00e8re linguistique, les chiffres ne sont pas disponibles, mais le constat est clair : les dons aux associations sont de nouveau en hausse.<\/p>\n<p><img loading=\"lazy\" decoding=\"async\" class=\" wp-image-36134 aligncenter\" src=\"https:\/\/memisa.be\/wp-content\/uploads\/2023\/09\/IMG_2631-1024x683.jpg\" alt=\"sages femmes\" width=\"728\" height=\"485\" srcset=\"https:\/\/memisa.be\/wp-content\/uploads\/2023\/09\/IMG_2631-1024x683.jpg 1024w, https:\/\/memisa.be\/wp-content\/uploads\/2023\/09\/IMG_2631-500x333.jpg 500w, https:\/\/memisa.be\/wp-content\/uploads\/2023\/09\/IMG_2631-768x512.jpg 768w, https:\/\/memisa.be\/wp-content\/uploads\/2023\/09\/IMG_2631-1536x1024.jpg 1536w, https:\/\/memisa.be\/wp-content\/uploads\/2023\/09\/IMG_2631-2048x1365.jpg 2048w, https:\/\/memisa.be\/wp-content\/uploads\/2023\/09\/IMG_2631-scaled.jpg 1920w\" sizes=\"auto, (max-width: 728px) 100vw, 728px\" \/><\/p>\n<p>Pour faire perdurer sa solidarit\u00e9, Annie (80 ans) a <strong>inclus Memisa dans son testament<\/strong>. En tant qu&rsquo;ONG belge, Memisa s&rsquo;engage \u00e0 am\u00e9liorer la qualit\u00e9 et l&rsquo;acc\u00e8s aux soins de sant\u00e9 dans 5 pays d\u2019Afrique et Inde, en mettant la priorit\u00e9 sur les femmes (enceintes) et les jeunes enfants.<\/p>\n<p><span style=\"text-decoration: underline;\"><strong><span style=\"font-size: 18pt;\">Mais pourquoi le choix de Memisa ?<\/span><\/strong><\/span><\/p>\n<p>Pour Annie, tout a commenc\u00e9 il y a quelques ann\u00e9es \u00e0 la biblioth\u00e8que municipale de Bruges, lors d\u2019une conf\u00e9rence sur la zone de sant\u00e9 de <strong>Popokabaka (RD du Congo)<\/strong>, o\u00f9 Memisa est active. \u00ab\u00a0J\u2019ai trouv\u00e9 les conditions alarmantes et cette conf\u00e9rence, ainsi que les images qui y \u00e9taient pr\u00e9sent\u00e9es, sont encore dans ma m\u00e9moire.\u00bb<\/p>\n<p>Annie souligne que m\u00eame si elle n&rsquo;est pas tr\u00e8s fortun\u00e9e, il est important pour elle de soutenir les personnes en situation de vuln\u00e9rabilit\u00e9. \u00ab\u00a0Memisa m&rsquo;a inform\u00e9e d&rsquo;un projet qui \u00e9tait mis en place \u00e0 Popokabaka, en collaboration avec l&rsquo;h\u00f4pital AZ Sint-Lucas \u00e0 Bruges\u00a0\u00bb. De nombreuses contraintes entravent l&rsquo;acc\u00e8s aux soins de sant\u00e9 dans la r\u00e9gion. C\u2019est pourquoi Memisa met tout en \u0153uvre pour am\u00e9liorer la qualit\u00e9 et la disponibilit\u00e9 des soins \u00e0 l&rsquo;h\u00f4pital de Popokabaka et dans les centres de sant\u00e9 environnants.<\/p>\n<p>\u00ab\u00a0L&rsquo;histoire de Popokabaka et le travail de Memisa m&rsquo;ont convaincu de soutenir le projet par le biais de mon testament\u00a0\u00bb, a-t-elle d\u00e9clar\u00e9. Ce qu\u2019Annie admire, c\u2019est \u00ab\u00a0l&rsquo;approche humaine\u00a0\u00bb de Memisa et elle souhaitait y contribuer de mani\u00e8re tr\u00e8s concr\u00e8te. <strong>Les legs, comme celui d\u2019Annie, font la diff\u00e9rence<\/strong> : l\u2019argent donn\u00e9 par les donateurs et via des testaments sont n\u00e9cessaires pour accro\u00eetre la r\u00e9silience des communaut\u00e9s vuln\u00e9rables en Afrique.<\/p>\n<p>Pour Annie, apr\u00e8s ce qui s&rsquo;est pass\u00e9 pendant la p\u00e9riode coloniale, il est \u00e9galement important de soutenir les pays africains. \u00ab\u00a0Ici, en Belgique, nous devons la plupart de nos richesses et de notre prosp\u00e9rit\u00e9 aux pays d&rsquo;Afrique, en particulier en ce qui concerne la R\u00e9publique d\u00e9mocratique du Congo. En fait, nous leur avons vol\u00e9 ce que nous avons aujourd&rsquo;hui\u00a0\u00bb, affirme Annie avec conviction.<\/p>\n<p>\u00ab\u00a0Je veux donner quelque chose en retour aux personnes vuln\u00e9rables, plus particuli\u00e8rement au Congo.\u00a0\u00bb Pour elle, il s&rsquo;agit d&rsquo;une responsabilit\u00e9 collective qui nous incombe \u00e0 tous. Pour contrer la polarisation croissante de la soci\u00e9t\u00e9, Annie essaie de vivre en connexion autant que possible. \u00ab\u00a0J&rsquo;essaie toujours de cr\u00e9er des liens avec les autres et je pense qu&rsquo;il est de notre devoir de faire ce que nous pouvons pour les autres.\u00a0\u00bb Annie aime inspirer ceux qui l&rsquo;entourent, mais conclut qu&rsquo;en fin de compte, chacun devrait pouvoir d\u00e9cider pour lui-m\u00eame de ce qu&rsquo;il veut et peut faire pour une autre personne.<\/p>\n<table style=\"width: 100%; border-collapse: collapse; background-color: #336699; border-color: #336699;\">\n<tbody>\n<tr>\n<td style=\"width: 100%;\"><span style=\"color: #ffffff;\">Avez-vous d\u00e9j\u00e0 d\u00e9cid\u00e9 de la mani\u00e8re dont vous souhaitez que vos id\u00e9aux perdurent, m\u00eame si vous n&rsquo;\u00eates plus l\u00e0 ?<\/span><span style=\"color: #dfdc00;\"> <a style=\"color: #dfdc00;\" href=\"https:\/\/memisa.be\/fr\/soutiens\/legs-et-donations\/\" target=\"_blank\" rel=\"noopener\">Demandez la brochure gratuite sur le legs \u00e0 Memisa ici.<\/a><\/span><\/p>\n<p><span style=\"color: #ffffff;\">Pour toute question, vous pouvez toujours contacter A\u00efsha par e-mail testament@memisa.be ou par t\u00e9l\u00e9phone +32 2 454 15 49. Nous pouvons vous mettre en contact avec un conseiller juridique ind\u00e9pendant pour toutes vos questions, gratuitement et sans engagement.<\/span><\/td>\n<\/tr>\n<\/tbody>\n<\/table>\n<p><span style=\"font-size: 10pt;\">*Pour cet article, la r\u00e9daction a choisi d&rsquo;utiliser le pseudonyme Annie en concertation avec la personne interview\u00e9e. Le vrai nom de la personne est connu de la r\u00e9daction.<\/span><\/p>\n<p>&nbsp;<\/p>\n<p>&nbsp;<\/p>\n","protected":false},"excerpt":{"rendered":"<p>De plus en plus de belges sont conscients que leurs ressources financi\u00e8res peuvent avoir un impact durable et choisissent de faire un legs \u00e0 une association. Les chiffres parlent d&rsquo;eux-m\u00eames. L&rsquo;ann\u00e9e derni\u00e8re, en Flandre 305 millions d&rsquo;euros ont \u00e9t\u00e9 vers\u00e9s \u00e0 des associations par le biais des testaments. De l&rsquo;autre c\u00f4t\u00e9 de la fronti\u00e8re linguistique, [&hellip;]<\/p>\n","protected":false},"author":6,"featured_media":36134,"comment_status":"closed","ping_status":"closed","sticky":false,"template":"","format":"standard","meta":{"_acf_changed":false,"_sitemap_exclude":false,"_sitemap_priority":"","_sitemap_frequency":"","footnotes":""},"categories":[141],"tags":[],"class_list":["post-36149","post","type-post","status-publish","format-standard","has-post-thumbnail","hentry","category-memisa","post-themes-societe"],"acf":[],"yoast_head":"<!-- This site is optimized with the Yoast SEO plugin v26.8 - https:\/\/yoast.com\/product\/yoast-seo-wordpress\/ -->\n<title>\u00a0\u00ab\u00a0Ce que j\u2019admire, c\u2019est l\u2019approche humaine de Memisa\u00a0\u00bb - Memisa<\/title>\n<meta name=\"description\" content=\"Actualit\u00e9s de Memisa, ONG m\u00e9dicale : \u00a0\u00ab\u00a0Ce que j\u2019admire, c\u2019est l\u2019approche humaine de Memisa\u00a0\u00bb sur Soci\u00e9t\u00e9 en [pays]. D\u00e9couvrez les derni\u00e8res avanc\u00e9es ici.\" \/>\n<meta name=\"robots\" content=\"index, follow, max-snippet:-1, max-image-preview:large, max-video-preview:-1\" \/>\n<link rel=\"canonical\" href=\"https:\/\/memisa.be\/fr\/ce-que-jadmire-cest-lapproche-humaine-de-memisa\/\" \/>\n<meta property=\"og:locale\" content=\"fr_FR\" \/>\n<meta property=\"og:type\" content=\"article\" \/>\n<meta property=\"og:title\" content=\"\u00a0\u00ab\u00a0Ce que j\u2019admire, c\u2019est l\u2019approche humaine de Memisa\u00a0\u00bb - Memisa\" \/>\n<meta property=\"og:description\" content=\"Actualit\u00e9s de Memisa, ONG m\u00e9dicale : \u00a0\u00ab\u00a0Ce que j\u2019admire, c\u2019est l\u2019approche humaine de Memisa\u00a0\u00bb sur Soci\u00e9t\u00e9 en [pays]. D\u00e9couvrez les derni\u00e8res avanc\u00e9es ici.\" \/>\n<meta property=\"og:url\" content=\"https:\/\/memisa.be\/fr\/ce-que-jadmire-cest-lapproche-humaine-de-memisa\/\" \/>\n<meta property=\"og:site_name\" content=\"Memisa\" \/>\n<meta property=\"article:published_time\" content=\"2023-09-12T09:02:57+00:00\" \/>\n<meta property=\"article:modified_time\" content=\"2023-09-12T09:18:28+00:00\" \/>\n<meta property=\"og:image\" content=\"https:\/\/memisa.be\/wp-content\/uploads\/2023\/09\/IMG_2631-scaled.jpg\" \/>\n\t<meta property=\"og:image:width\" content=\"1920\" \/>\n\t<meta property=\"og:image:height\" content=\"1280\" \/>\n\t<meta property=\"og:image:type\" content=\"image\/jpeg\" \/>\n<meta name=\"author\" content=\"barbara\" \/>\n<meta name=\"twitter:card\" content=\"summary_large_image\" \/>\n<meta name=\"twitter:label1\" content=\"\u00c9crit par\" \/>\n\t<meta name=\"twitter:data1\" content=\"barbara\" \/>\n\t<meta name=\"twitter:label2\" content=\"Dur\u00e9e de lecture estim\u00e9e\" \/>\n\t<meta name=\"twitter:data2\" content=\"4 minutes\" \/>\n<script type=\"application\/ld+json\" class=\"yoast-schema-graph\">{\"@context\":\"https:\/\/schema.org\",\"@graph\":[{\"@type\":\"Article\",\"@id\":\"https:\/\/memisa.be\/fr\/ce-que-jadmire-cest-lapproche-humaine-de-memisa\/#article\",\"isPartOf\":{\"@id\":\"https:\/\/memisa.be\/fr\/ce-que-jadmire-cest-lapproche-humaine-de-memisa\/\"},\"author\":{\"name\":\"barbara\",\"@id\":\"https:\/\/memisa.be\/fr\/#\/schema\/person\/061c09129eeef91c52f43d65a921345b\"},\"headline\":\"\u00a0\u00ab\u00a0Ce que j\u2019admire, c\u2019est l\u2019approche humaine de Memisa\u00a0\u00bb\",\"datePublished\":\"2023-09-12T09:02:57+00:00\",\"dateModified\":\"2023-09-12T09:18:28+00:00\",\"mainEntityOfPage\":{\"@id\":\"https:\/\/memisa.be\/fr\/ce-que-jadmire-cest-lapproche-humaine-de-memisa\/\"},\"wordCount\":681,\"image\":{\"@id\":\"https:\/\/memisa.be\/fr\/ce-que-jadmire-cest-lapproche-humaine-de-memisa\/#primaryimage\"},\"thumbnailUrl\":\"https:\/\/memisa.be\/wp-content\/uploads\/2023\/09\/IMG_2631-scaled.jpg\",\"articleSection\":[\"memisa\"],\"inLanguage\":\"fr-FR\"},{\"@type\":\"WebPage\",\"@id\":\"https:\/\/memisa.be\/fr\/ce-que-jadmire-cest-lapproche-humaine-de-memisa\/\",\"url\":\"https:\/\/memisa.be\/fr\/ce-que-jadmire-cest-lapproche-humaine-de-memisa\/\",\"name\":\"\u00a0\u00ab\u00a0Ce que j\u2019admire, c\u2019est l\u2019approche humaine de Memisa\u00a0\u00bb - Memisa\",\"isPartOf\":{\"@id\":\"https:\/\/memisa.be\/fr\/#website\"},\"primaryImageOfPage\":{\"@id\":\"https:\/\/memisa.be\/fr\/ce-que-jadmire-cest-lapproche-humaine-de-memisa\/#primaryimage\"},\"image\":{\"@id\":\"https:\/\/memisa.be\/fr\/ce-que-jadmire-cest-lapproche-humaine-de-memisa\/#primaryimage\"},\"thumbnailUrl\":\"https:\/\/memisa.be\/wp-content\/uploads\/2023\/09\/IMG_2631-scaled.jpg\",\"datePublished\":\"2023-09-12T09:02:57+00:00\",\"dateModified\":\"2023-09-12T09:18:28+00:00\",\"author\":{\"@id\":\"https:\/\/memisa.be\/fr\/#\/schema\/person\/061c09129eeef91c52f43d65a921345b\"},\"description\":\"Actualit\u00e9s de Memisa, ONG m\u00e9dicale : \u00a0\u00ab\u00a0Ce que j\u2019admire, c\u2019est l\u2019approche humaine de Memisa\u00a0\u00bb sur Soci\u00e9t\u00e9 en [pays]. D\u00e9couvrez les derni\u00e8res avanc\u00e9es ici.\",\"breadcrumb\":{\"@id\":\"https:\/\/memisa.be\/fr\/ce-que-jadmire-cest-lapproche-humaine-de-memisa\/#breadcrumb\"},\"inLanguage\":\"fr-FR\",\"potentialAction\":[{\"@type\":\"ReadAction\",\"target\":[\"https:\/\/memisa.be\/fr\/ce-que-jadmire-cest-lapproche-humaine-de-memisa\/\"]}]},{\"@type\":\"ImageObject\",\"inLanguage\":\"fr-FR\",\"@id\":\"https:\/\/memisa.be\/fr\/ce-que-jadmire-cest-lapproche-humaine-de-memisa\/#primaryimage\",\"url\":\"https:\/\/memisa.be\/wp-content\/uploads\/2023\/09\/IMG_2631-scaled.jpg\",\"contentUrl\":\"https:\/\/memisa.be\/wp-content\/uploads\/2023\/09\/IMG_2631-scaled.jpg\",\"width\":1920,\"height\":1280,\"caption\":\"sages femmes\"},{\"@type\":\"BreadcrumbList\",\"@id\":\"https:\/\/memisa.be\/fr\/ce-que-jadmire-cest-lapproche-humaine-de-memisa\/#breadcrumb\",\"itemListElement\":[{\"@type\":\"ListItem\",\"position\":1,\"name\":\"Home\",\"item\":\"https:\/\/memisa.be\/fr\/\"},{\"@type\":\"ListItem\",\"position\":2,\"name\":\"\u00a0\u00ab\u00a0Ce que j\u2019admire, c\u2019est l\u2019approche humaine de Memisa\u00a0\u00bb\"}]},{\"@type\":\"WebSite\",\"@id\":\"https:\/\/memisa.be\/fr\/#website\",\"url\":\"https:\/\/memisa.be\/fr\/\",\"name\":\"Memisa\",\"description\":\"Un site utilisant WordPress\",\"potentialAction\":[{\"@type\":\"SearchAction\",\"target\":{\"@type\":\"EntryPoint\",\"urlTemplate\":\"https:\/\/memisa.be\/fr\/?s={search_term_string}\"},\"query-input\":{\"@type\":\"PropertyValueSpecification\",\"valueRequired\":true,\"valueName\":\"search_term_string\"}}],\"inLanguage\":\"fr-FR\"},{\"@type\":\"Person\",\"@id\":\"https:\/\/memisa.be\/fr\/#\/schema\/person\/061c09129eeef91c52f43d65a921345b\",\"name\":\"barbara\",\"image\":{\"@type\":\"ImageObject\",\"inLanguage\":\"fr-FR\",\"@id\":\"https:\/\/memisa.be\/fr\/#\/schema\/person\/image\/\",\"url\":\"https:\/\/secure.gravatar.com\/avatar\/41421d13a54b1a5e039904125388b2655ac66b0bd7784fb52fd4dcead2190eef?s=96&d=mm&r=g\",\"contentUrl\":\"https:\/\/secure.gravatar.com\/avatar\/41421d13a54b1a5e039904125388b2655ac66b0bd7784fb52fd4dcead2190eef?s=96&d=mm&r=g\",\"caption\":\"barbara\"},\"url\":\"https:\/\/memisa.be\/fr\/author\/barbara\/\"}]}<\/script>\n<!-- \/ Yoast SEO plugin. -->","yoast_head_json":{"title":"\u00a0\u00ab\u00a0Ce que j\u2019admire, c\u2019est l\u2019approche humaine de Memisa\u00a0\u00bb - Memisa","description":"Actualit\u00e9s de Memisa, ONG m\u00e9dicale : \u00a0\u00ab\u00a0Ce que j\u2019admire, c\u2019est l\u2019approche humaine de Memisa\u00a0\u00bb sur Soci\u00e9t\u00e9 en [pays]. D\u00e9couvrez les derni\u00e8res avanc\u00e9es ici.","robots":{"index":"index","follow":"follow","max-snippet":"max-snippet:-1","max-image-preview":"max-image-preview:large","max-video-preview":"max-video-preview:-1"},"canonical":"https:\/\/memisa.be\/fr\/ce-que-jadmire-cest-lapproche-humaine-de-memisa\/","og_locale":"fr_FR","og_type":"article","og_title":"\u00a0\u00ab\u00a0Ce que j\u2019admire, c\u2019est l\u2019approche humaine de Memisa\u00a0\u00bb - Memisa","og_description":"Actualit\u00e9s de Memisa, ONG m\u00e9dicale : \u00a0\u00ab\u00a0Ce que j\u2019admire, c\u2019est l\u2019approche humaine de Memisa\u00a0\u00bb sur Soci\u00e9t\u00e9 en [pays]. D\u00e9couvrez les derni\u00e8res avanc\u00e9es ici.","og_url":"https:\/\/memisa.be\/fr\/ce-que-jadmire-cest-lapproche-humaine-de-memisa\/","og_site_name":"Memisa","article_published_time":"2023-09-12T09:02:57+00:00","article_modified_time":"2023-09-12T09:18:28+00:00","og_image":[{"width":1920,"height":1280,"url":"https:\/\/memisa.be\/wp-content\/uploads\/2023\/09\/IMG_2631-scaled.jpg","type":"image\/jpeg"}],"author":"barbara","twitter_card":"summary_large_image","twitter_misc":{"\u00c9crit par":"barbara","Dur\u00e9e de lecture estim\u00e9e":"4 minutes"},"schema":{"@context":"https:\/\/schema.org","@graph":[{"@type":"Article","@id":"https:\/\/memisa.be\/fr\/ce-que-jadmire-cest-lapproche-humaine-de-memisa\/#article","isPartOf":{"@id":"https:\/\/memisa.be\/fr\/ce-que-jadmire-cest-lapproche-humaine-de-memisa\/"},"author":{"name":"barbara","@id":"https:\/\/memisa.be\/fr\/#\/schema\/person\/061c09129eeef91c52f43d65a921345b"},"headline":"\u00a0\u00ab\u00a0Ce que j\u2019admire, c\u2019est l\u2019approche humaine de Memisa\u00a0\u00bb","datePublished":"2023-09-12T09:02:57+00:00","dateModified":"2023-09-12T09:18:28+00:00","mainEntityOfPage":{"@id":"https:\/\/memisa.be\/fr\/ce-que-jadmire-cest-lapproche-humaine-de-memisa\/"},"wordCount":681,"image":{"@id":"https:\/\/memisa.be\/fr\/ce-que-jadmire-cest-lapproche-humaine-de-memisa\/#primaryimage"},"thumbnailUrl":"https:\/\/memisa.be\/wp-content\/uploads\/2023\/09\/IMG_2631-scaled.jpg","articleSection":["memisa"],"inLanguage":"fr-FR"},{"@type":"WebPage","@id":"https:\/\/memisa.be\/fr\/ce-que-jadmire-cest-lapproche-humaine-de-memisa\/","url":"https:\/\/memisa.be\/fr\/ce-que-jadmire-cest-lapproche-humaine-de-memisa\/","name":"\u00a0\u00ab\u00a0Ce que j\u2019admire, c\u2019est l\u2019approche humaine de Memisa\u00a0\u00bb - Memisa","isPartOf":{"@id":"https:\/\/memisa.be\/fr\/#website"},"primaryImageOfPage":{"@id":"https:\/\/memisa.be\/fr\/ce-que-jadmire-cest-lapproche-humaine-de-memisa\/#primaryimage"},"image":{"@id":"https:\/\/memisa.be\/fr\/ce-que-jadmire-cest-lapproche-humaine-de-memisa\/#primaryimage"},"thumbnailUrl":"https:\/\/memisa.be\/wp-content\/uploads\/2023\/09\/IMG_2631-scaled.jpg","datePublished":"2023-09-12T09:02:57+00:00","dateModified":"2023-09-12T09:18:28+00:00","author":{"@id":"https:\/\/memisa.be\/fr\/#\/schema\/person\/061c09129eeef91c52f43d65a921345b"},"description":"Actualit\u00e9s de Memisa, ONG m\u00e9dicale : \u00a0\u00ab\u00a0Ce que j\u2019admire, c\u2019est l\u2019approche humaine de Memisa\u00a0\u00bb sur Soci\u00e9t\u00e9 en [pays]. D\u00e9couvrez les derni\u00e8res avanc\u00e9es ici.","breadcrumb":{"@id":"https:\/\/memisa.be\/fr\/ce-que-jadmire-cest-lapproche-humaine-de-memisa\/#breadcrumb"},"inLanguage":"fr-FR","potentialAction":[{"@type":"ReadAction","target":["https:\/\/memisa.be\/fr\/ce-que-jadmire-cest-lapproche-humaine-de-memisa\/"]}]},{"@type":"ImageObject","inLanguage":"fr-FR","@id":"https:\/\/memisa.be\/fr\/ce-que-jadmire-cest-lapproche-humaine-de-memisa\/#primaryimage","url":"https:\/\/memisa.be\/wp-content\/uploads\/2023\/09\/IMG_2631-scaled.jpg","contentUrl":"https:\/\/memisa.be\/wp-content\/uploads\/2023\/09\/IMG_2631-scaled.jpg","width":1920,"height":1280,"caption":"sages femmes"},{"@type":"BreadcrumbList","@id":"https:\/\/memisa.be\/fr\/ce-que-jadmire-cest-lapproche-humaine-de-memisa\/#breadcrumb","itemListElement":[{"@type":"ListItem","position":1,"name":"Home","item":"https:\/\/memisa.be\/fr\/"},{"@type":"ListItem","position":2,"name":"\u00a0\u00ab\u00a0Ce que j\u2019admire, c\u2019est l\u2019approche humaine de Memisa\u00a0\u00bb"}]},{"@type":"WebSite","@id":"https:\/\/memisa.be\/fr\/#website","url":"https:\/\/memisa.be\/fr\/","name":"Memisa","description":"Un site utilisant WordPress","potentialAction":[{"@type":"SearchAction","target":{"@type":"EntryPoint","urlTemplate":"https:\/\/memisa.be\/fr\/?s={search_term_string}"},"query-input":{"@type":"PropertyValueSpecification","valueRequired":true,"valueName":"search_term_string"}}],"inLanguage":"fr-FR"},{"@type":"Person","@id":"https:\/\/memisa.be\/fr\/#\/schema\/person\/061c09129eeef91c52f43d65a921345b","name":"barbara","image":{"@type":"ImageObject","inLanguage":"fr-FR","@id":"https:\/\/memisa.be\/fr\/#\/schema\/person\/image\/","url":"https:\/\/secure.gravatar.com\/avatar\/41421d13a54b1a5e039904125388b2655ac66b0bd7784fb52fd4dcead2190eef?s=96&d=mm&r=g","contentUrl":"https:\/\/secure.gravatar.com\/avatar\/41421d13a54b1a5e039904125388b2655ac66b0bd7784fb52fd4dcead2190eef?s=96&d=mm&r=g","caption":"barbara"},"url":"https:\/\/memisa.be\/fr\/author\/barbara\/"}]}},"_links":{"self":[{"href":"https:\/\/memisa.be\/fr\/wp-json\/wp\/v2\/posts\/36149","targetHints":{"allow":["GET"]}}],"collection":[{"href":"https:\/\/memisa.be\/fr\/wp-json\/wp\/v2\/posts"}],"about":[{"href":"https:\/\/memisa.be\/fr\/wp-json\/wp\/v2\/types\/post"}],"author":[{"embeddable":true,"href":"https:\/\/memisa.be\/fr\/wp-json\/wp\/v2\/users\/6"}],"replies":[{"embeddable":true,"href":"https:\/\/memisa.be\/fr\/wp-json\/wp\/v2\/comments?post=36149"}],"version-history":[{"count":6,"href":"https:\/\/memisa.be\/fr\/wp-json\/wp\/v2\/posts\/36149\/revisions"}],"predecessor-version":[{"id":36247,"href":"https:\/\/memisa.be\/fr\/wp-json\/wp\/v2\/posts\/36149\/revisions\/36247"}],"wp:featuredmedia":[{"embeddable":true,"href":"https:\/\/memisa.be\/fr\/wp-json\/wp\/v2\/media\/36134"}],"wp:attachment":[{"href":"https:\/\/memisa.be\/fr\/wp-json\/wp\/v2\/media?parent=36149"}],"wp:term":[{"taxonomy":"category","embeddable":true,"href":"https:\/\/memisa.be\/fr\/wp-json\/wp\/v2\/categories?post=36149"},{"taxonomy":"post_tag","embeddable":true,"href":"https:\/\/memisa.be\/fr\/wp-json\/wp\/v2\/tags?post=36149"}],"curies":[{"name":"wp","href":"https:\/\/api.w.org\/{rel}","templated":true}]}}